{"id":186190,"date":"2021-07-30T17:03:40","date_gmt":"2021-07-30T20:03:40","guid":{"rendered":"https:\/\/diarioregionaldigital.com.br\/?p=186190"},"modified":"2021-07-30T17:03:40","modified_gmt":"2021-07-30T20:03:40","slug":"guarda-atua-em-apoio-a-acoes-de-protecao-contra-o-frio-intenso","status":"publish","type":"post","link":"https:\/\/diarioregionaldigital.com.br\/?p=186190","title":{"rendered":"Guarda atua em apoio a a\u00e7\u00f5es de prote\u00e7\u00e3o contra o frio intenso"},"content":{"rendered":"<p>A previs\u00e3o de baixas temperaturas em Juiz de Fora, nos pr\u00f3ximos dias, levou a Prefeitura de Juiz de Fora (PJF) a ampliar medidas de prote\u00e7\u00e3o a pessoas em situa\u00e7\u00e3o de rua. As estruturas montadas na Pra\u00e7a do Riachuelo contam, desde suas primeiras horas de funcionamento, com o apoio da Guarda Municipal. Equipes de guardas permanecem no local durante todo o dia e noite, garantindo seguran\u00e7a e dando suporte ao processo de encaminhamento de novos abrigados \u00e0 tenda emergencial.<\/p>\n<p>Segundo informa\u00e7\u00f5es do site da Prefeitura de Juiz de Fora, diante de solicita\u00e7\u00e3o, a Guarda receber\u00e1 informa\u00e7\u00f5es, repassadas pela abordagem social ou pela Defesa Civil, de locais onde pessoas se encontram em risco. A equipe acionar\u00e1 ve\u00edculo espec\u00edfico para fazer o transporte destas pessoas ao abrigo e far\u00e1 escolta durante todo o procedimento e trajeto.<\/p>\n<p>A popula\u00e7\u00e3o tamb\u00e9m pode ajudar. Foram disponibilizados dois canais para indica\u00e7\u00e3o de pessoas flagradas sujeitas \u00e0s intemp\u00e9ries. Das 7h \u00e0s 23h, o contato deve ser feito com a abordagem social atrav\u00e9s do telefone (32) 3690-7770. J\u00e1 a partir das 23h, a popula\u00e7\u00e3o deve ligar para a Defesa Civil, no n\u00famero 199.<\/p>\n<p>Coordenada pela Secretaria de Governo (SG), a tenda emergencial \u00e9 mais uma a\u00e7\u00e3o do Comit\u00ea Permanente de Gest\u00e3o de Situa\u00e7\u00f5es de Baixas Temperaturas. Nela os abrigados t\u00eam cobertores, \u00e1rea para acolhimento dos animais de estima\u00e7\u00e3o e espa\u00e7o para armazenamento de carrinhos, carro\u00e7as e demais pertences. A medida ter\u00e1 vigor at\u00e9 a manh\u00e3 da pr\u00f3xima ter\u00e7a-feira, 3, quando a tenda ser\u00e1 desmontada.<\/p>\n","protected":false},"excerpt":{"rendered":"<p>A previs\u00e3o de baixas temperaturas em Juiz de Fora, nos pr\u00f3ximos dias, levou a Prefeitura de Juiz de Fora (PJF) a ampliar medidas de prote\u00e7\u00e3o a pessoas em situa\u00e7\u00e3o de rua. As estruturas montadas na Pra\u00e7a do Riachuelo contam, desde suas primeiras horas de funcionamento, com o apoio da Guarda Municipal. Equipes de guardas permanecem [&hellip;]<\/p>\n","protected":false},"author":246,"featured_media":186191,"comment_status":"closed","ping_status":"closed","sticky":false,"template":"","format":"standard","meta":{"footnotes":""},"categories":[253,439],"tags":[],"class_list":["post-186190","post","type-post","status-publish","format-standard","has-post-thumbnail","hentry","category-cidade","category-ultima-hora"],"_links":{"self":[{"href":"https:\/\/diarioregionaldigital.com.br\/index.php?rest_route=\/wp\/v2\/posts\/186190","targetHints":{"allow":["GET"]}}],"collection":[{"href":"https:\/\/diarioregionaldigital.com.br\/index.php?rest_route=\/wp\/v2\/posts"}],"about":[{"href":"https:\/\/diarioregionaldigital.com.br\/index.php?rest_route=\/wp\/v2\/types\/post"}],"author":[{"embeddable":true,"href":"https:\/\/diarioregionaldigital.com.br\/index.php?rest_route=\/wp\/v2\/users\/246"}],"replies":[{"embeddable":true,"href":"https:\/\/diarioregionaldigital.com.br\/index.php?rest_route=%2Fwp%2Fv2%2Fcomments&post=186190"}],"version-history":[{"count":2,"href":"https:\/\/diarioregionaldigital.com.br\/index.php?rest_route=\/wp\/v2\/posts\/186190\/revisions"}],"predecessor-version":[{"id":186195,"href":"https:\/\/diarioregionaldigital.com.br\/index.php?rest_route=\/wp\/v2\/posts\/186190\/revisions\/186195"}],"wp:featuredmedia":[{"embeddable":true,"href":"https:\/\/diarioregionaldigital.com.br\/index.php?rest_route=\/wp\/v2\/media\/186191"}],"wp:attachment":[{"href":"https:\/\/diarioregionaldigital.com.br\/index.php?rest_route=%2Fwp%2Fv2%2Fmedia&parent=186190"}],"wp:term":[{"taxonomy":"category","embeddable":true,"href":"https:\/\/diarioregionaldigital.com.br\/index.php?rest_route=%2Fwp%2Fv2%2Fcategories&post=186190"},{"taxonomy":"post_tag","embeddable":true,"href":"https:\/\/diarioregionaldigital.com.br\/index.php?rest_route=%2Fwp%2Fv2%2Ftags&post=186190"}],"curies":[{"name":"wp","href":"https:\/\/api.w.org\/{rel}","templated":true}]}}