{"id":186184,"date":"2021-07-30T16:57:28","date_gmt":"2021-07-30T19:57:28","guid":{"rendered":"https:\/\/diarioregionaldigital.com.br\/?p=186184"},"modified":"2021-07-30T16:57:28","modified_gmt":"2021-07-30T19:57:28","slug":"judoca-maria-suelen-vai-passar-por-cirurgia-no-joelho-no-brasil","status":"publish","type":"post","link":"https:\/\/diarioregionaldigital.com.br\/?p=186184","title":{"rendered":"Judoca Maria Suelen vai passar por cirurgia no joelho no Brasil"},"content":{"rendered":"<p>A judoca brasileira Maria Suelen sofreu uma les\u00e3o no ligamento patelar do joelho esquerdo e vai passar por cirurgia no retorno ao Brasil, de acordo com\u00a0<a href=\"https:\/\/www.cob.org.br\/pt\/galerias\/noticias\/nota-oficial-missao-toquio-2020--maria-suelen\/\">nota oficial<\/a>\u00a0do Comit\u00ea Ol\u00edmpico do Brasil (COB).<img decoding=\"async\" src=\"https:\/\/agenciabrasil.ebc.com.br\/ebc.png?id=1416875&amp;o=node\" \/><img decoding=\"async\" src=\"https:\/\/agenciabrasil.ebc.com.br\/ebc.gif?id=1416875&amp;o=node\" \/><\/p>\n<p>&#8220;Ap\u00f3s ser avaliada pelo m\u00e9dico da equipe de jud\u00f4, Guilherme Garofo, ainda no tatame, a atleta foi encaminhada para a realiza\u00e7\u00e3o de exames de imagem na Policl\u00ednica da Vila Ol\u00edmpica, que confirmaram a les\u00e3o no ligamento patelar&#8221;, diz o comunicado.<\/p>\n<p>A contus\u00e3o ocorreu nesta sexta-feira (30), no\u00a0<a href=\"https:\/\/agenciabrasil.ebc.com.br\/esportes\/noticia\/2021-07\/maria-suelen-se-machuca-e-perde-nas-quartas-de-final-do-judo-0\">combate<\/a>\u00a0de quartas de final\u00a0na categoria pesado contra a francesa Romane Dicko, impossibilitando a\u00a0brasileira\u00a0de continuar na competi\u00e7\u00e3o e\u00a0desfalcando a equipe nacional na disputa da prova por equipes mistas, neste s\u00e1bado (31). Maria Suelen\u00a0encerrou\u00a0sua terceira participa\u00e7\u00e3o ol\u00edmpica na s\u00e9tima coloca\u00e7\u00e3o.<\/p>\n<p><span style=\"font-weight: 400;\"><br \/>\n<\/span><span style=\"font-weight: 400;\">Fonte: Ag\u00eancia Brasil <\/span><\/p>\n","protected":false},"excerpt":{"rendered":"<p>A judoca brasileira Maria Suelen sofreu uma les\u00e3o no ligamento patelar do joelho esquerdo e vai passar por cirurgia no retorno ao Brasil, de acordo com\u00a0nota oficial\u00a0do Comit\u00ea Ol\u00edmpico do Brasil (COB). &#8220;Ap\u00f3s ser avaliada pelo m\u00e9dico da equipe de jud\u00f4, Guilherme Garofo, ainda no tatame, a atleta foi encaminhada para a realiza\u00e7\u00e3o de exames [&hellip;]<\/p>\n","protected":false},"author":246,"featured_media":186185,"comment_status":"closed","ping_status":"closed","sticky":false,"template":"","format":"standard","meta":{"footnotes":""},"categories":[436,257,439],"tags":[],"class_list":["post-186184","post","type-post","status-publish","format-standard","has-post-thumbnail","hentry","category-destaque-da-semana","category-esporte","category-ultima-hora"],"_links":{"self":[{"href":"https:\/\/diarioregionaldigital.com.br\/index.php?rest_route=\/wp\/v2\/posts\/186184","targetHints":{"allow":["GET"]}}],"collection":[{"href":"https:\/\/diarioregionaldigital.com.br\/index.php?rest_route=\/wp\/v2\/posts"}],"about":[{"href":"https:\/\/diarioregionaldigital.com.br\/index.php?rest_route=\/wp\/v2\/types\/post"}],"author":[{"embeddable":true,"href":"https:\/\/diarioregionaldigital.com.br\/index.php?rest_route=\/wp\/v2\/users\/246"}],"replies":[{"embeddable":true,"href":"https:\/\/diarioregionaldigital.com.br\/index.php?rest_route=%2Fwp%2Fv2%2Fcomments&post=186184"}],"version-history":[{"count":1,"href":"https:\/\/diarioregionaldigital.com.br\/index.php?rest_route=\/wp\/v2\/posts\/186184\/revisions"}],"predecessor-version":[{"id":186186,"href":"https:\/\/diarioregionaldigital.com.br\/index.php?rest_route=\/wp\/v2\/posts\/186184\/revisions\/186186"}],"wp:featuredmedia":[{"embeddable":true,"href":"https:\/\/diarioregionaldigital.com.br\/index.php?rest_route=\/wp\/v2\/media\/186185"}],"wp:attachment":[{"href":"https:\/\/diarioregionaldigital.com.br\/index.php?rest_route=%2Fwp%2Fv2%2Fmedia&parent=186184"}],"wp:term":[{"taxonomy":"category","embeddable":true,"href":"https:\/\/diarioregionaldigital.com.br\/index.php?rest_route=%2Fwp%2Fv2%2Fcategories&post=186184"},{"taxonomy":"post_tag","embeddable":true,"href":"https:\/\/diarioregionaldigital.com.br\/index.php?rest_route=%2Fwp%2Fv2%2Ftags&post=186184"}],"curies":[{"name":"wp","href":"https:\/\/api.w.org\/{rel}","templated":true}]}}