{"id":186181,"date":"2021-07-30T16:56:01","date_gmt":"2021-07-30T19:56:01","guid":{"rendered":"https:\/\/diarioregionaldigital.com.br\/?p=186181"},"modified":"2021-07-30T16:56:01","modified_gmt":"2021-07-30T19:56:01","slug":"abner-teixeira-garante-bronze-no-boxe-ao-avancar-a-semi-em-toquio","status":"publish","type":"post","link":"https:\/\/diarioregionaldigital.com.br\/?p=186181","title":{"rendered":"Abner Teixeira garante bronze no boxe ao avan\u00e7ar \u00e0 semi em T\u00f3quio"},"content":{"rendered":"<p>O boxe brasileiro assegurou nesta sexta-feira (30) uma medalha de bronze na Olimp\u00edada de T\u00f3quio(Jap\u00e3o) com Abner Teixeira, que avan\u00e7ou \u00e0s semifinais da categoria at\u00e9 91 quilos (peso-pesado). O paulista, de 24 anos derrotou o jordaniano Hussein Eishaishna por decis\u00e3o por 4 a 1 em decis\u00e3o dos \u00e1rbitros, em duelo das quartas na Arena Kokugikan, na capital japonesa. O bronze antecipado ocorre no boxe pois n\u00e3o h\u00e1 disputa de terceiro lugar na modalidade.<\/p>\n<p>O pr\u00f3ximo advers\u00e1rio de Abner ser\u00e1 o cubano Julio C\u00e9sar La Cruz, na pr\u00f3xima ter\u00e7a (3 de agosto), \u00e0s 6h50 (hor\u00e1rio de Bras\u00edlia). La Cruz foi campe\u00e3o na Rio 2016 na categoria meio-pesado (at\u00e9 81 kg).<\/p>\n<p>O jordaniano come\u00e7ou com bastante agressividade no primeiro round, restando ao brasileiro se defender. Apesar disso, Abner conseguiu aplicar golpes precisos, o que contou pontos para ele. No round seguinte, o asi\u00e1tico tentou manter o ritmo, entretanto desacelerou ao longo da disputa. J\u00e1 o paulista aproveitou e cresceu no duelo, pontuando com ataques consistentes. No terceiro e \u00faltimo round, foi a vez do brasileiro partir para cima e encurralar o jordaniano, que foi obrigado a ficar na defensiva. A decis\u00e3o do confronto ficou nas m\u00e3os de cinco \u00e1rbitros, sendo que quatro apontaram o brasileiro como vencedor e um decidiu Hussein como o vitorioso.<\/p>\n<p>Tamb\u00e9m na madrugada desta sexta (30), a campe\u00e3 mundial Bia Ferreira estreou com vit\u00f3ria nos Jogos de T\u00f3quio e avan\u00e7ou \u00e0s quartas de final.<\/p>\n<p><span style=\"font-weight: 400;\"><br \/>\n<\/span><span style=\"font-weight: 400;\">Fonte: Ag\u00eancia Brasil <\/span><\/p>\n","protected":false},"excerpt":{"rendered":"<p>O boxe brasileiro assegurou nesta sexta-feira (30) uma medalha de bronze na Olimp\u00edada de T\u00f3quio(Jap\u00e3o) com Abner Teixeira, que avan\u00e7ou \u00e0s semifinais da categoria at\u00e9 91 quilos (peso-pesado). O paulista, de 24 anos derrotou o jordaniano Hussein Eishaishna por decis\u00e3o por 4 a 1 em decis\u00e3o dos \u00e1rbitros, em duelo das quartas na Arena Kokugikan, [&hellip;]<\/p>\n","protected":false},"author":246,"featured_media":186182,"comment_status":"closed","ping_status":"closed","sticky":false,"template":"","format":"standard","meta":{"footnotes":""},"categories":[436,257,439],"tags":[],"class_list":["post-186181","post","type-post","status-publish","format-standard","has-post-thumbnail","hentry","category-destaque-da-semana","category-esporte","category-ultima-hora"],"_links":{"self":[{"href":"https:\/\/diarioregionaldigital.com.br\/index.php?rest_route=\/wp\/v2\/posts\/186181","targetHints":{"allow":["GET"]}}],"collection":[{"href":"https:\/\/diarioregionaldigital.com.br\/index.php?rest_route=\/wp\/v2\/posts"}],"about":[{"href":"https:\/\/diarioregionaldigital.com.br\/index.php?rest_route=\/wp\/v2\/types\/post"}],"author":[{"embeddable":true,"href":"https:\/\/diarioregionaldigital.com.br\/index.php?rest_route=\/wp\/v2\/users\/246"}],"replies":[{"embeddable":true,"href":"https:\/\/diarioregionaldigital.com.br\/index.php?rest_route=%2Fwp%2Fv2%2Fcomments&post=186181"}],"version-history":[{"count":1,"href":"https:\/\/diarioregionaldigital.com.br\/index.php?rest_route=\/wp\/v2\/posts\/186181\/revisions"}],"predecessor-version":[{"id":186183,"href":"https:\/\/diarioregionaldigital.com.br\/index.php?rest_route=\/wp\/v2\/posts\/186181\/revisions\/186183"}],"wp:featuredmedia":[{"embeddable":true,"href":"https:\/\/diarioregionaldigital.com.br\/index.php?rest_route=\/wp\/v2\/media\/186182"}],"wp:attachment":[{"href":"https:\/\/diarioregionaldigital.com.br\/index.php?rest_route=%2Fwp%2Fv2%2Fmedia&parent=186181"}],"wp:term":[{"taxonomy":"category","embeddable":true,"href":"https:\/\/diarioregionaldigital.com.br\/index.php?rest_route=%2Fwp%2Fv2%2Fcategories&post=186181"},{"taxonomy":"post_tag","embeddable":true,"href":"https:\/\/diarioregionaldigital.com.br\/index.php?rest_route=%2Fwp%2Fv2%2Ftags&post=186181"}],"curies":[{"name":"wp","href":"https:\/\/api.w.org\/{rel}","templated":true}]}}