{"id":186174,"date":"2021-07-30T16:44:31","date_gmt":"2021-07-30T19:44:31","guid":{"rendered":"https:\/\/diarioregionaldigital.com.br\/?p=186174"},"modified":"2021-07-30T16:44:31","modified_gmt":"2021-07-30T19:44:31","slug":"seguranca-publica-recebe-reforco-de-934-policiais-militares-no-interior-de-minas","status":"publish","type":"post","link":"https:\/\/diarioregionaldigital.com.br\/?p=186174","title":{"rendered":"Seguran\u00e7a P\u00fablica recebe refor\u00e7o de 934 policiais militares no interior de Minas"},"content":{"rendered":"<p>Nesta sexta-feira (30\/7), 934 novos policiais militares passam a fazer parte do\u00a0<a href=\"http:\/\/mg.gov.br\/\" target=\"_blank\" rel=\"noopener\">Governo do Estado<\/a>. Ap\u00f3s conclu\u00edrem o Curso de Forma\u00e7\u00e3o de Soldados (CFSd) 2021, os novos agentes da\u00a0<a href=\"http:\/\/policiamilitar.mg.gov.br\/\" target=\"_blank\" rel=\"noopener\">Pol\u00edcia Militar de Minas Gerais (PMMG)<\/a>\u00a0ser\u00e3o distribu\u00eddos para o interior do Estado, da 4\u00aa RPM \u00e0 19\u00aa RPM, refor\u00e7ando o combate \u00e0 criminalidade violenta e, consequentemente, aumentando a sensa\u00e7\u00e3o de seguran\u00e7a da popula\u00e7\u00e3o.<\/p>\n<p>Os novos soldados come\u00e7aram o curso em 3\/11\/2020 e conclu\u00edram a forma\u00e7\u00e3o em 30\/6\/2021. As aulas te\u00f3ricas e pr\u00e1ticas inclu\u00edram treinamentos importantes como Preven\u00e7\u00e3o a Viol\u00eancia Dom\u00e9stica, Curso de Base Comunit\u00e1ria, de operadores de menor potencial ofensivo e Conduta de Patrulha.<\/p>\n<p>\u201cA chegada de novos militares \u00e9 um grande esfor\u00e7o do Governo de Minas que, mesmo no contexto da pandemia, segue firme no prop\u00f3sito de levar, a cada dia, mais seguran\u00e7a ao povo mineiro. Aos novos soldados, desejo uma carreira de muito sucesso\u201d, disse o governador Romeu Zema.<\/p>\n<p>As formaturas ser\u00e3o nesta sexta-feira (30\/7), ao longo do dia, seguindo os protocolos de seguran\u00e7a e preven\u00e7\u00e3o da covid-19. O vice-governador do Estado, Paulo Brant, ser\u00e1 paraninfo e estar\u00e1 presente na 12\u00aa RPM, em Patos de Minas.<\/p>\n<p><strong>Refor\u00e7o<\/strong><\/p>\n<p>O comandante-geral da institui\u00e7\u00e3o, coronel Rodrigo Sousa Rodrigues, agradeceu ao governador pelo apoio \u00e0 forma\u00e7\u00e3o dos novos militares e pela confian\u00e7a na corpora\u00e7\u00e3o.<\/p>\n<p>\u201cNosso sentimento \u00e9 de gratid\u00e3o. Nesse per\u00edodo de pandemia, conseguir formar mais militares, significa levar mais seguran\u00e7a para a sociedade mineira. Desejo sucesso e muito empenho e dedica\u00e7\u00e3o por parte dos novos soldados que v\u00e3o fortalecer o policiamento no interior do estado em servi\u00e7os como a Patrulha Rural e refor\u00e7ar as nossas divisas\u201d, afirmou.<\/p>\n<p><span style=\"font-weight: 400;\"><br \/>\n<\/span><span style=\"font-weight: 400;\">Fonte: Ag\u00eancia Minas\u00a0<\/span><span style=\"font-weight: 400;\"><br \/>\n<\/span><\/p>\n","protected":false},"excerpt":{"rendered":"<p>Nesta sexta-feira (30\/7), 934 novos policiais militares passam a fazer parte do\u00a0Governo do Estado. Ap\u00f3s conclu\u00edrem o Curso de Forma\u00e7\u00e3o de Soldados (CFSd) 2021, os novos agentes da\u00a0Pol\u00edcia Militar de Minas Gerais (PMMG)\u00a0ser\u00e3o distribu\u00eddos para o interior do Estado, da 4\u00aa RPM \u00e0 19\u00aa RPM, refor\u00e7ando o combate \u00e0 criminalidade violenta e, consequentemente, aumentando a [&hellip;]<\/p>\n","protected":false},"author":246,"featured_media":186175,"comment_status":"closed","ping_status":"closed","sticky":false,"template":"","format":"standard","meta":{"footnotes":""},"categories":[436,254,439],"tags":[],"class_list":["post-186174","post","type-post","status-publish","format-standard","has-post-thumbnail","hentry","category-destaque-da-semana","category-politica","category-ultima-hora"],"_links":{"self":[{"href":"https:\/\/diarioregionaldigital.com.br\/index.php?rest_route=\/wp\/v2\/posts\/186174","targetHints":{"allow":["GET"]}}],"collection":[{"href":"https:\/\/diarioregionaldigital.com.br\/index.php?rest_route=\/wp\/v2\/posts"}],"about":[{"href":"https:\/\/diarioregionaldigital.com.br\/index.php?rest_route=\/wp\/v2\/types\/post"}],"author":[{"embeddable":true,"href":"https:\/\/diarioregionaldigital.com.br\/index.php?rest_route=\/wp\/v2\/users\/246"}],"replies":[{"embeddable":true,"href":"https:\/\/diarioregionaldigital.com.br\/index.php?rest_route=%2Fwp%2Fv2%2Fcomments&post=186174"}],"version-history":[{"count":1,"href":"https:\/\/diarioregionaldigital.com.br\/index.php?rest_route=\/wp\/v2\/posts\/186174\/revisions"}],"predecessor-version":[{"id":186176,"href":"https:\/\/diarioregionaldigital.com.br\/index.php?rest_route=\/wp\/v2\/posts\/186174\/revisions\/186176"}],"wp:featuredmedia":[{"embeddable":true,"href":"https:\/\/diarioregionaldigital.com.br\/index.php?rest_route=\/wp\/v2\/media\/186175"}],"wp:attachment":[{"href":"https:\/\/diarioregionaldigital.com.br\/index.php?rest_route=%2Fwp%2Fv2%2Fmedia&parent=186174"}],"wp:term":[{"taxonomy":"category","embeddable":true,"href":"https:\/\/diarioregionaldigital.com.br\/index.php?rest_route=%2Fwp%2Fv2%2Fcategories&post=186174"},{"taxonomy":"post_tag","embeddable":true,"href":"https:\/\/diarioregionaldigital.com.br\/index.php?rest_route=%2Fwp%2Fv2%2Ftags&post=186174"}],"curies":[{"name":"wp","href":"https:\/\/api.w.org\/{rel}","templated":true}]}}