{"id":186171,"date":"2021-07-30T16:42:48","date_gmt":"2021-07-30T19:42:48","guid":{"rendered":"https:\/\/diarioregionaldigital.com.br\/?p=186171"},"modified":"2021-07-30T16:42:48","modified_gmt":"2021-07-30T19:42:48","slug":"governador-participa-de-entrega-de-628-titulos-de-regularizacao-fundiaria-urbana-em-jaguaracu-no-vale-do-aco","status":"publish","type":"post","link":"https:\/\/diarioregionaldigital.com.br\/?p=186171","title":{"rendered":"Governador participa de entrega de 628 t\u00edtulos de regulariza\u00e7\u00e3o fundi\u00e1ria urbana em Jaguara\u00e7u, no Vale do A\u00e7o"},"content":{"rendered":"<p><main class=\"clear margin-md-bottom-3\"><\/p>\n<div class=\"clear \">\n<p>\u201c\u00c9 com muita alegria que recebo, juntamente com o meu pai, o t\u00edtulo de regulariza\u00e7\u00e3o fundi\u00e1ria. Meu pai, com 102 anos de idade, aguarda desde os seus 20 anos por este momento. Agrade\u00e7o a todos que colaboraram para a realiza\u00e7\u00e3o deste grande sonho. Sim, um grande sonho, pois esperamos por anos e anos para ter este documento em m\u00e3os. Este dia chegou!\u201d<\/p>\n<p>Estas foram as palavras de Maria Mildes de Barros, professora aposentada, que recebeu das m\u00e3os do governador Romeu Zema, nesta sexta-feira (30\/7), o documento de regulariza\u00e7\u00e3o fundi\u00e1ria urbana, em Jaguara\u00e7u, no Vale do A\u00e7o.<\/p>\n<p>Para o pai de Maria Mildes, o centen\u00e1rio Dorval Coelho de Barros, a data \u00e9 uma das mais felizes de sua vida. \u201c\u00c9 um dia de muita alegria e satisfa\u00e7\u00e3o, pois recebi do governador a escritura da casa onde eu fui criado e criei minha fam\u00edlia\u201d, comemorou.<\/p>\n<p><strong>Justi\u00e7a social<\/strong><\/p>\n<p>Depois de entregar mais de 100 t\u00edtulos de regulariza\u00e7\u00e3o fundi\u00e1ria urbana em Tim\u00f3teo, nessa quinta-feira (29\/7), o governador Romeu Zema participou, nesta sexta-feira (30\/7), da solenidade de entrega de 628 t\u00edtulos em Jaguara\u00e7u, que beneficiar\u00e1 mais de 2 mil pessoas. Zema est\u00e1 na regi\u00e3o para uma s\u00e9rie de compromissos de trabalho.<\/p>\n<p>\u201cHoje \u00e9 um dia muito importante porque entrego centenas de t\u00edtulos de regula\u00e7\u00e3o fundi\u00e1ria. Al\u00e9m da justi\u00e7a social, isso significa dignidade e oportunidade para todas essas fam\u00edlias que passam a ter a escritura definitiva dos seus im\u00f3veis\u201d, afirmou Zema.<\/p>\n<p>O prefeito Marcio Lima tamb\u00e9m falou da import\u00e2ncia da regulariza\u00e7\u00e3o na vida dos moradores. \u201cDe posse dos t\u00edtulos essas fam\u00edlias t\u00eam a t\u00e3o aguardada seguran\u00e7a jur\u00eddica dos im\u00f3veis\u201d, explicou.<\/p>\n<p><strong>Minas Reurb<\/strong><\/p>\n<p>O governador tamb\u00e9m assinou o Termo de Coopera\u00e7\u00e3o T\u00e9cnica entre a\u00a0<a href=\"http:\/\/www.agenciarmva.mg.gov.br\/\" target=\"_blank\" rel=\"noopener\">Ag\u00eancia de Desenvolvimento da Regi\u00e3o Metropolitana do Vale do A\u00e7o (ARMVA)<\/a>\u00a0e o munic\u00edpio para a regulariza\u00e7\u00e3o fundi\u00e1ria urbana de uma \u00e1rea com aproximadamente de 700 lotes dentro do programa Minas Reurb.<\/p>\n<p>A Prefeitura de Jaguara\u00e7u aderiu ao programa Minas Reurb com o objetivo de ampliar o programa de regulariza\u00e7\u00e3o fundi\u00e1ria para outras \u00e1reas.<\/p>\n<p><strong>Programa<\/strong><\/p>\n<p>O programa Minas Reurb \u00e9 executado por meio da\u00a0ARMVA desde 2019. O objetivo \u00e9 a regulariza\u00e7\u00e3o fundi\u00e1ria urbana, normalizando assentamentos irregulares e a titula\u00e7\u00e3o de seus ocupantes, de modo a garantir o direito social \u00e0 moradia e o pleno desenvolvimento das fun\u00e7\u00f5es sociais da propriedade urbana.<\/p>\n<p>O acesso aos im\u00f3veis regularizados proporciona seguran\u00e7a jur\u00eddica, melhorando, assim, a qualidade de vida, o fomento da economia local e tamb\u00e9m a oportunidade de novos investimentos no munic\u00edpio.<\/p>\n<p>As cidades interessadas em\u00a0aderir ao Minas Reurb devem firmar um termo de coopera\u00e7\u00e3o t\u00e9cnica com a ARMVA para apoio ao processo de regulariza\u00e7\u00e3o.<\/p>\n<p>Atualmente, est\u00e3o em curso outras \u00e1reas em processo de regulariza\u00e7\u00e3o nos munic\u00edpios de Tim\u00f3teo, Ipaba e Ant\u00f4nio Dias, todas no Vale do A\u00e7o.<\/p>\n<p><span style=\"font-weight: 400;\"><br \/>\n<\/span><span style=\"font-weight: 400;\">Fonte: Ag\u00eancia Minas <\/span><\/p>\n<\/div>\n<p><\/main><\/p>\n","protected":false},"excerpt":{"rendered":"<p>\u201c\u00c9 com muita alegria que recebo, juntamente com o meu pai, o t\u00edtulo de regulariza\u00e7\u00e3o fundi\u00e1ria. Meu pai, com 102 anos de idade, aguarda desde os seus 20 anos por este momento. Agrade\u00e7o a todos que colaboraram para a realiza\u00e7\u00e3o deste grande sonho. Sim, um grande sonho, pois esperamos por anos e anos para ter [&hellip;]<\/p>\n","protected":false},"author":246,"featured_media":186172,"comment_status":"closed","ping_status":"closed","sticky":false,"template":"","format":"standard","meta":{"footnotes":""},"categories":[436,254,439],"tags":[],"class_list":["post-186171","post","type-post","status-publish","format-standard","has-post-thumbnail","hentry","category-destaque-da-semana","category-politica","category-ultima-hora"],"_links":{"self":[{"href":"https:\/\/diarioregionaldigital.com.br\/index.php?rest_route=\/wp\/v2\/posts\/186171","targetHints":{"allow":["GET"]}}],"collection":[{"href":"https:\/\/diarioregionaldigital.com.br\/index.php?rest_route=\/wp\/v2\/posts"}],"about":[{"href":"https:\/\/diarioregionaldigital.com.br\/index.php?rest_route=\/wp\/v2\/types\/post"}],"author":[{"embeddable":true,"href":"https:\/\/diarioregionaldigital.com.br\/index.php?rest_route=\/wp\/v2\/users\/246"}],"replies":[{"embeddable":true,"href":"https:\/\/diarioregionaldigital.com.br\/index.php?rest_route=%2Fwp%2Fv2%2Fcomments&post=186171"}],"version-history":[{"count":1,"href":"https:\/\/diarioregionaldigital.com.br\/index.php?rest_route=\/wp\/v2\/posts\/186171\/revisions"}],"predecessor-version":[{"id":186173,"href":"https:\/\/diarioregionaldigital.com.br\/index.php?rest_route=\/wp\/v2\/posts\/186171\/revisions\/186173"}],"wp:featuredmedia":[{"embeddable":true,"href":"https:\/\/diarioregionaldigital.com.br\/index.php?rest_route=\/wp\/v2\/media\/186172"}],"wp:attachment":[{"href":"https:\/\/diarioregionaldigital.com.br\/index.php?rest_route=%2Fwp%2Fv2%2Fmedia&parent=186171"}],"wp:term":[{"taxonomy":"category","embeddable":true,"href":"https:\/\/diarioregionaldigital.com.br\/index.php?rest_route=%2Fwp%2Fv2%2Fcategories&post=186171"},{"taxonomy":"post_tag","embeddable":true,"href":"https:\/\/diarioregionaldigital.com.br\/index.php?rest_route=%2Fwp%2Fv2%2Ftags&post=186171"}],"curies":[{"name":"wp","href":"https:\/\/api.w.org\/{rel}","templated":true}]}}