{"id":186168,"date":"2021-07-30T16:41:10","date_gmt":"2021-07-30T19:41:10","guid":{"rendered":"https:\/\/diarioregionaldigital.com.br\/?p=186168"},"modified":"2021-07-30T16:41:10","modified_gmt":"2021-07-30T19:41:10","slug":"presidente-regulamenta-mp-que-reorganiza-cargos-e-funcoes-no-executivo","status":"publish","type":"post","link":"https:\/\/diarioregionaldigital.com.br\/?p=186168","title":{"rendered":"Presidente regulamenta MP que reorganiza cargos e fun\u00e7\u00f5es no Executivo"},"content":{"rendered":"<p>O presidente Jair Bolsonaro editou hoje (29) decreto para regulamentar a Medida Provis\u00f3ria 1.042\/21, norma que simplificou a gest\u00e3o de cargos e fun\u00e7\u00f5es de confian\u00e7a no Poder Executivo Federal. A MP possibilita a altera\u00e7\u00e3o de cargos em comiss\u00e3o e fun\u00e7\u00f5es de confian\u00e7a sem aumento de despesa.\u00a0<img decoding=\"async\" src=\"https:\/\/agenciabrasil.ebc.com.br\/ebc.png?id=1416791&amp;o=node\" \/><img decoding=\"async\" src=\"https:\/\/agenciabrasil.ebc.com.br\/ebc.gif?id=1416791&amp;o=node\" \/><\/p>\n<p>De acordo com a Subchefia para Assuntos Jur\u00eddicos da Presid\u00eancia da Rep\u00fablica, a regulamenta\u00e7\u00e3o segue a linha dos decretos n9.739\/19 e n\u00ba 9.727\/19.<\/p>\n<p>\u201cEm linhas gerais, s\u00e3o adaptadas e aprimoradas regras sobre categorias de cargos em comiss\u00e3o e fun\u00e7\u00f5es de confian\u00e7a, estruturas organizacionais dos \u00f3rg\u00e3os e entidades e procedimentos para a apresenta\u00e7\u00e3o dessas propostas ao Minist\u00e9rio da Economia\u201d, informou o \u00f3rg\u00e3o.<\/p>\n<p><strong>Cr\u00e9dito\u00a0<\/strong><\/p>\n<p>O presidente Bolsonaro tamb\u00e9m pediu ao Senado a autoriza\u00e7\u00e3o para obten\u00e7\u00e3o de cr\u00e9dito de US$ 1 bilh\u00e3o para o Brasil junto ao New Development Bank (NDB) &#8211; banco dos Brics. Os recursos ser\u00e3o destinados ao Programa Emergencial de Acesso a Cr\u00e9dito.<\/p>\n<p><span style=\"font-weight: 400;\">Fonte: Ag\u00eancia Brasil<\/span><\/p>\n","protected":false},"excerpt":{"rendered":"<p>O presidente Jair Bolsonaro editou hoje (29) decreto para regulamentar a Medida Provis\u00f3ria 1.042\/21, norma que simplificou a gest\u00e3o de cargos e fun\u00e7\u00f5es de confian\u00e7a no Poder Executivo Federal. A MP possibilita a altera\u00e7\u00e3o de cargos em comiss\u00e3o e fun\u00e7\u00f5es de confian\u00e7a sem aumento de despesa.\u00a0 De acordo com a Subchefia para Assuntos Jur\u00eddicos da [&hellip;]<\/p>\n","protected":false},"author":246,"featured_media":186169,"comment_status":"closed","ping_status":"closed","sticky":false,"template":"","format":"standard","meta":{"footnotes":""},"categories":[436,254,439],"tags":[],"class_list":["post-186168","post","type-post","status-publish","format-standard","has-post-thumbnail","hentry","category-destaque-da-semana","category-politica","category-ultima-hora"],"_links":{"self":[{"href":"https:\/\/diarioregionaldigital.com.br\/index.php?rest_route=\/wp\/v2\/posts\/186168","targetHints":{"allow":["GET"]}}],"collection":[{"href":"https:\/\/diarioregionaldigital.com.br\/index.php?rest_route=\/wp\/v2\/posts"}],"about":[{"href":"https:\/\/diarioregionaldigital.com.br\/index.php?rest_route=\/wp\/v2\/types\/post"}],"author":[{"embeddable":true,"href":"https:\/\/diarioregionaldigital.com.br\/index.php?rest_route=\/wp\/v2\/users\/246"}],"replies":[{"embeddable":true,"href":"https:\/\/diarioregionaldigital.com.br\/index.php?rest_route=%2Fwp%2Fv2%2Fcomments&post=186168"}],"version-history":[{"count":1,"href":"https:\/\/diarioregionaldigital.com.br\/index.php?rest_route=\/wp\/v2\/posts\/186168\/revisions"}],"predecessor-version":[{"id":186170,"href":"https:\/\/diarioregionaldigital.com.br\/index.php?rest_route=\/wp\/v2\/posts\/186168\/revisions\/186170"}],"wp:featuredmedia":[{"embeddable":true,"href":"https:\/\/diarioregionaldigital.com.br\/index.php?rest_route=\/wp\/v2\/media\/186169"}],"wp:attachment":[{"href":"https:\/\/diarioregionaldigital.com.br\/index.php?rest_route=%2Fwp%2Fv2%2Fmedia&parent=186168"}],"wp:term":[{"taxonomy":"category","embeddable":true,"href":"https:\/\/diarioregionaldigital.com.br\/index.php?rest_route=%2Fwp%2Fv2%2Fcategories&post=186168"},{"taxonomy":"post_tag","embeddable":true,"href":"https:\/\/diarioregionaldigital.com.br\/index.php?rest_route=%2Fwp%2Fv2%2Ftags&post=186168"}],"curies":[{"name":"wp","href":"https:\/\/api.w.org\/{rel}","templated":true}]}}