{"id":186165,"date":"2021-07-30T16:39:08","date_gmt":"2021-07-30T19:39:08","guid":{"rendered":"https:\/\/diarioregionaldigital.com.br\/?p=186165"},"modified":"2021-07-30T16:39:08","modified_gmt":"2021-07-30T19:39:08","slug":"romeu-zema-lanca-edital-para-investimentos-de-r-21-milhoes-no-parque-estadual-do-rio-doce-em-marlieria","status":"publish","type":"post","link":"https:\/\/diarioregionaldigital.com.br\/?p=186165","title":{"rendered":"Romeu Zema lan\u00e7a edital para investimentos de R$ 21 milh\u00f5es no Parque Estadual do Rio Doce, em Marli\u00e9ria"},"content":{"rendered":"<p>O governador Romeu Zema assinou despacho, nesta sexta-feira (30\/7), em Marli\u00e9ria, no Vale do A\u00e7o, durante visita ao Parque Estadual do Rio Doce (Perd), determinando lan\u00e7amento de edital de sele\u00e7\u00e3o p\u00fablica para celebra\u00e7\u00e3o de Termo de Parceria com uma Organiza\u00e7\u00e3o da Sociedade Civil de Interesse P\u00fablico (Oscip) para investimentos de R$ 21 milh\u00f5es em infraestrutura, prote\u00e7\u00e3o e preserva\u00e7\u00e3o dos recursos naturais e da biodiversidade do parque.<\/p>\n<p>A unidade de conserva\u00e7\u00e3o \u00e9 a primeira criada pelo\u00a0<a href=\"http:\/\/www.mg.gov.br\/\" target=\"_blank\" rel=\"noopener\">Governo de Minas<\/a>\u00a0e abriga a maior reserva de Mata Atl\u00e2ntica do estado. Ao todo, o parque estadual\u00a0ir\u00e1 receber R$ 93 milh\u00f5es em investimentos.<\/p>\n<p>Durante o lan\u00e7amento, Zema destacou que o aporte vai garantir melhorias na infraestrutura, incentivo tur\u00edstico e desenvolvimento para a regi\u00e3o.<\/p>\n<p>&#8220;\u00c9 um parque muito bem preservado, com belezas naturais \u00fanicas\u00a0e, com esse investimento, n\u00f3s queremos fazer com que ele tenha recursos tecnol\u00f3gicos para proporcionar melhor preserva\u00e7\u00e3o e seguran\u00e7a, atrair mais turistas.\u00a0Isso significa a gera\u00e7\u00e3o de empregos n\u00e3o s\u00f3 no parque, mas em todas as cidades vizinhas, e uma melhor preserva\u00e7\u00e3o&#8221;, afirmou.<\/p>\n<p>A secret\u00e1ria de Estado de\u00a0<a href=\"http:\/\/www.meioambiente.mg.gov.br\/\" target=\"_blank\" rel=\"noopener\">Meio Ambiente e Desenvolvimento Sustent\u00e1vel<\/a>, Mar\u00edlia Melo, ressaltou que o recurso \u00e9 um projeto de desenvolvimento para a regi\u00e3o.<\/p>\n<p>&#8220;Vamos impulsionar toda a regi\u00e3o por meio de um olhar ao desenvolvimento sustent\u00e1vel e ao\u00a0ecoturismo. Queremos dar condi\u00e7\u00f5es \u00e0s pessoas que visitam. Essa unidade de conserva\u00e7\u00e3o \u00e9 muito emblem\u00e1tica para o estado. J\u00e1 \u00e9 muito consolidada, n\u00e3o tem \u00e1rea a se regularizar e tem todos os requisitos para que seja, de fato, investida para melhorar a vida da popula\u00e7\u00e3o do entorno&#8221;, disse.<\/p>\n<p><strong>Compensa\u00e7\u00e3o<\/strong><\/p>\n<p>Os recursos para as interven\u00e7\u00f5es s\u00e3o provenientes de decis\u00e3o judicial para compensa\u00e7\u00e3o dos danos causados pelo rompimento da barragem de rejeitos da Samarco, em Mariana, em 2015. A decis\u00e3o pela libera\u00e7\u00e3o dos recursos partiu de homologa\u00e7\u00e3o realizada no \u00faltimo dia 25 de mar\u00e7o, pela 12\u00aa Vara Federal de Belo Horizonte, de termo acordo de coopera\u00e7\u00e3o firmado pelo Estado e pela Funda\u00e7\u00e3o Renova. Os R$ 21 milh\u00f5es deste edital contemplam o primeiro conjunto de a\u00e7\u00f5es de consolida\u00e7\u00e3o previstas para o parque, ao longo de quatro anos.<\/p>\n<p>A secret\u00e1ria de Estado de\u00a0<a href=\"http:\/\/www.planejamento.mg.gov.br\/\" target=\"_blank\" rel=\"noopener\">Planejamento e Gest\u00e3o<\/a>, Lu\u00edsa Barreto, lembrou que o empenho da atual gest\u00e3o permitiu, agora, que a popula\u00e7\u00e3o afetada pelo rompimento da barragem seja reparada pelo danos.<\/p>\n<p>&#8220;O governo se organizou, estruturou e conseguiu tirar do papel o que ningu\u00e9m achava que era poss\u00edvel. Conseguimos trazer recursos como esse para o Parque do Rio Doce, para estradas, para escolas. Esse governo tem o compromisso de trabalhar para que essa repara\u00e7\u00e3o seja cada dia mais efetiva. Estamos trabalhando para que possamos cada vez trazer mais benef\u00edcios para a regi\u00e3o, melhorias para as pessoas, uma efetiva repara\u00e7\u00e3o ambiental e social&#8221;, destacou.<\/p>\n<p>Est\u00e3o previstos no edital o desenvolvimento de ferramentas de planejamento e gest\u00e3o, implanta\u00e7\u00e3o de estruturas que contribuam para a prote\u00e7\u00e3o, manuten\u00e7\u00e3o e conserva\u00e7\u00e3o da unidade, como sistema de videovigil\u00e2ncia, e constru\u00e7\u00e3o de torre de observa\u00e7\u00e3o de aves.<br \/>\nTamb\u00e9m est\u00e3o previstas a presta\u00e7\u00e3o de servi\u00e7os cont\u00ednuos, como a amplia\u00e7\u00e3o de postos de trabalho e manuten\u00e7\u00e3o e amplia\u00e7\u00e3o de aceiros, al\u00e9m de investimentos na aquisi\u00e7\u00e3o de ve\u00edculos, aquisi\u00e7\u00e3o de embarca\u00e7\u00f5es e viabiliza\u00e7\u00e3o de reformas e manuten\u00e7\u00f5es de edifica\u00e7\u00f5es.<\/p>\n<p>O diretor-geral do\u00a0<a href=\"http:\/\/www.ief.mg.gov.br\/\" target=\"_blank\" rel=\"noopener\">Instituto Estadual de Florestas (IEF)<\/a>, Ant\u00f4nio Malard, afirmou que tamb\u00e9m ser\u00e1 estruturado o pleito de reconhecimento, pela Unesco, do Parque Estadual do Rio Doce como s\u00edtio do Patrim\u00f4nio Mundial Natural da Humanidade.<\/p>\n<p>&#8220;Isso gra\u00e7as a todos os investimentos que v\u00eam acontecendo nessa nossa unidade de conserva\u00e7\u00e3o. O IEF ter\u00e1 condi\u00e7\u00e3o t\u00e9cnica e operacional de fazer a gest\u00e3o mais efetiva, garantindo a conserva\u00e7\u00e3o ambiental, o turismo, com mais possibilidade para a quest\u00e3o social e\u00a0uma estrutura cada vez mais robusta, com\u00a0sustentabilidade financeira. \u00a0Estamos concretizando um verdadeiro sonho para o parque e a regi\u00e3o. Ganha o parque, a regi\u00e3o, a comunidade e o turismo de Minas&#8221;, concluiu.<\/p>\n<p>Uma das principais inova\u00e7\u00f5es do acordo \u00e9 a cria\u00e7\u00e3o de estrat\u00e9gias e ferramentas de sustentabilidade financeira para a unidade de conserva\u00e7\u00e3o, que garantir\u00e3o a maximiza\u00e7\u00e3o do emprego dos R$ 93 milh\u00f5es\u00a0no\u00a0longo prazo e a manuten\u00e7\u00e3o do processo consolida\u00e7\u00e3o do Perd. Este \u00e9\u00a0um dos objetivos do processo de consolida\u00e7\u00e3o\u00a0e que muito pode contribuir para a forma\u00e7\u00e3o de um vetor econ\u00f4mico baseado na sustentabilidade ambiental na regi\u00e3o.<\/p>\n<p><span style=\"font-weight: 400;\">Fonte: Ag\u00eancia Minas <\/span><\/p>\n","protected":false},"excerpt":{"rendered":"<p>O governador Romeu Zema assinou despacho, nesta sexta-feira (30\/7), em Marli\u00e9ria, no Vale do A\u00e7o, durante visita ao Parque Estadual do Rio Doce (Perd), determinando lan\u00e7amento de edital de sele\u00e7\u00e3o p\u00fablica para celebra\u00e7\u00e3o de Termo de Parceria com uma Organiza\u00e7\u00e3o da Sociedade Civil de Interesse P\u00fablico (Oscip) para investimentos de R$ 21 milh\u00f5es em infraestrutura, [&hellip;]<\/p>\n","protected":false},"author":246,"featured_media":186166,"comment_status":"closed","ping_status":"closed","sticky":false,"template":"","format":"standard","meta":{"footnotes":""},"categories":[440,254,439],"tags":[],"class_list":["post-186165","post","type-post","status-publish","format-standard","has-post-thumbnail","hentry","category-destaques-do-dia","category-politica","category-ultima-hora"],"_links":{"self":[{"href":"https:\/\/diarioregionaldigital.com.br\/index.php?rest_route=\/wp\/v2\/posts\/186165","targetHints":{"allow":["GET"]}}],"collection":[{"href":"https:\/\/diarioregionaldigital.com.br\/index.php?rest_route=\/wp\/v2\/posts"}],"about":[{"href":"https:\/\/diarioregionaldigital.com.br\/index.php?rest_route=\/wp\/v2\/types\/post"}],"author":[{"embeddable":true,"href":"https:\/\/diarioregionaldigital.com.br\/index.php?rest_route=\/wp\/v2\/users\/246"}],"replies":[{"embeddable":true,"href":"https:\/\/diarioregionaldigital.com.br\/index.php?rest_route=%2Fwp%2Fv2%2Fcomments&post=186165"}],"version-history":[{"count":1,"href":"https:\/\/diarioregionaldigital.com.br\/index.php?rest_route=\/wp\/v2\/posts\/186165\/revisions"}],"predecessor-version":[{"id":186167,"href":"https:\/\/diarioregionaldigital.com.br\/index.php?rest_route=\/wp\/v2\/posts\/186165\/revisions\/186167"}],"wp:featuredmedia":[{"embeddable":true,"href":"https:\/\/diarioregionaldigital.com.br\/index.php?rest_route=\/wp\/v2\/media\/186166"}],"wp:attachment":[{"href":"https:\/\/diarioregionaldigital.com.br\/index.php?rest_route=%2Fwp%2Fv2%2Fmedia&parent=186165"}],"wp:term":[{"taxonomy":"category","embeddable":true,"href":"https:\/\/diarioregionaldigital.com.br\/index.php?rest_route=%2Fwp%2Fv2%2Fcategories&post=186165"},{"taxonomy":"post_tag","embeddable":true,"href":"https:\/\/diarioregionaldigital.com.br\/index.php?rest_route=%2Fwp%2Fv2%2Ftags&post=186165"}],"curies":[{"name":"wp","href":"https:\/\/api.w.org\/{rel}","templated":true}]}}