{"id":186162,"date":"2021-07-30T16:30:30","date_gmt":"2021-07-30T19:30:30","guid":{"rendered":"https:\/\/diarioregionaldigital.com.br\/?p=186162"},"modified":"2021-07-30T16:30:30","modified_gmt":"2021-07-30T19:30:30","slug":"incerteza-da-economia-recua-3-pontos-em-julho-diz-fgv","status":"publish","type":"post","link":"https:\/\/diarioregionaldigital.com.br\/?p=186162","title":{"rendered":"Incerteza da economia recua 3 pontos em julho, diz FGV"},"content":{"rendered":"<p>O Indicador de Incerteza da Economia brasileira, calculado pela Funda\u00e7\u00e3o Getulio Vargas (FGV), recuou 3 pontos de junho para julho deste ano. Com isso, o indicador chegou a 119,3 pontos, retornando ao n\u00edvel de maio de 2021.<img decoding=\"async\" src=\"https:\/\/agenciabrasil.ebc.com.br\/ebc.png?id=1416818&amp;o=node\" \/><img decoding=\"async\" src=\"https:\/\/agenciabrasil.ebc.com.br\/ebc.gif?id=1416818&amp;o=node\" \/><\/p>\n<p>Os dois componentes do \u00edndice apresentaram queda. O componente de M\u00eddia, baseado na frequ\u00eancia de not\u00edcias com men\u00e7\u00e3o \u00e0 incerteza na imprensa, recuou 2,8 pontos, para 118,9 pontos.<\/p>\n<p>O componente de Expectativas, que mede a previs\u00e3o de analistas econ\u00f4micos para os 12 meses seguintes, recuou pela quarta vez consecutiva. A queda foi de 2,5 pontos e levou a expectativa para 113,2 pontos, menor n\u00edvel desde janeiro de 2020 (112,5).<\/p>\n<p>\u201cA melhora dos n\u00fameros da pandemia no Brasil e a recupera\u00e7\u00e3o gradual da atividade econ\u00f4mica motivaram a redu\u00e7\u00e3o do n\u00edvel de incerteza no m\u00eas\u201d, disse a economista da FGV Anna Carolina Gouveia. \u201cPara um recuo mais expressivo das incertezas neste segundo semestre de 2021, \u00e9 preciso que os fatores que motivaram a queda do indicador em julho continuem melhorando de forma sustent\u00e1vel nos pr\u00f3ximos meses\u201d.<\/p>\n<p><span style=\"font-weight: 400;\">Fonte: Ag\u00eancia Brasil <\/span><\/p>\n","protected":false},"excerpt":{"rendered":"<p>O Indicador de Incerteza da Economia brasileira, calculado pela Funda\u00e7\u00e3o Getulio Vargas (FGV), recuou 3 pontos de junho para julho deste ano. Com isso, o indicador chegou a 119,3 pontos, retornando ao n\u00edvel de maio de 2021. Os dois componentes do \u00edndice apresentaram queda. O componente de M\u00eddia, baseado na frequ\u00eancia de not\u00edcias com men\u00e7\u00e3o [&hellip;]<\/p>\n","protected":false},"author":246,"featured_media":186163,"comment_status":"closed","ping_status":"closed","sticky":false,"template":"","format":"standard","meta":{"footnotes":""},"categories":[436,261,439],"tags":[],"class_list":["post-186162","post","type-post","status-publish","format-standard","has-post-thumbnail","hentry","category-destaque-da-semana","category-economia","category-ultima-hora"],"_links":{"self":[{"href":"https:\/\/diarioregionaldigital.com.br\/index.php?rest_route=\/wp\/v2\/posts\/186162","targetHints":{"allow":["GET"]}}],"collection":[{"href":"https:\/\/diarioregionaldigital.com.br\/index.php?rest_route=\/wp\/v2\/posts"}],"about":[{"href":"https:\/\/diarioregionaldigital.com.br\/index.php?rest_route=\/wp\/v2\/types\/post"}],"author":[{"embeddable":true,"href":"https:\/\/diarioregionaldigital.com.br\/index.php?rest_route=\/wp\/v2\/users\/246"}],"replies":[{"embeddable":true,"href":"https:\/\/diarioregionaldigital.com.br\/index.php?rest_route=%2Fwp%2Fv2%2Fcomments&post=186162"}],"version-history":[{"count":1,"href":"https:\/\/diarioregionaldigital.com.br\/index.php?rest_route=\/wp\/v2\/posts\/186162\/revisions"}],"predecessor-version":[{"id":186164,"href":"https:\/\/diarioregionaldigital.com.br\/index.php?rest_route=\/wp\/v2\/posts\/186162\/revisions\/186164"}],"wp:featuredmedia":[{"embeddable":true,"href":"https:\/\/diarioregionaldigital.com.br\/index.php?rest_route=\/wp\/v2\/media\/186163"}],"wp:attachment":[{"href":"https:\/\/diarioregionaldigital.com.br\/index.php?rest_route=%2Fwp%2Fv2%2Fmedia&parent=186162"}],"wp:term":[{"taxonomy":"category","embeddable":true,"href":"https:\/\/diarioregionaldigital.com.br\/index.php?rest_route=%2Fwp%2Fv2%2Fcategories&post=186162"},{"taxonomy":"post_tag","embeddable":true,"href":"https:\/\/diarioregionaldigital.com.br\/index.php?rest_route=%2Fwp%2Fv2%2Ftags&post=186162"}],"curies":[{"name":"wp","href":"https:\/\/api.w.org\/{rel}","templated":true}]}}