{"id":186159,"date":"2021-07-30T16:27:34","date_gmt":"2021-07-30T19:27:34","guid":{"rendered":"https:\/\/diarioregionaldigital.com.br\/?p=186159"},"modified":"2021-07-30T16:27:34","modified_gmt":"2021-07-30T19:27:34","slug":"taxa-de-informalidade-no-mercado-de-trabalho-sobe-para-40-diz-ibge","status":"publish","type":"post","link":"https:\/\/diarioregionaldigital.com.br\/?p=186159","title":{"rendered":"Taxa de informalidade no mercado de trabalho sobe para 40%, diz IBGE"},"content":{"rendered":"<p>A taxa de informalidade no mercado de trabalho do pa\u00eds subiu para 40% da popula\u00e7\u00e3o ocupada no trimestre finalizado em maio deste ano. O dado, da Pesquisa Nacional por Amostra de Domic\u00edlios (Pnad) Cont\u00ednua, foi divulgado hoje (30) pelo Instituto Brasileiro de Geografia e Estat\u00edstica (IBGE).<img decoding=\"async\" src=\"https:\/\/agenciabrasil.ebc.com.br\/ebc.png?id=1416813&amp;o=node\" \/><img decoding=\"async\" src=\"https:\/\/agenciabrasil.ebc.com.br\/ebc.gif?id=1416813&amp;o=node\" \/><\/p>\n<p>Segundo o IBGE, entre os 86,7 milh\u00f5es de pessoas ocupadas no Brasil, 34,7 milh\u00f5es eram trabalhadores sem carteira assinada, pessoas que trabalham por conta pr\u00f3pria sem CNPJ e aqueles que trabalham auxiliando a fam\u00edlia.<\/p>\n<p>A taxa de informalidade de maio \u00e9 superior aos 39,6% do trimestre imediatamente anterior (encerrado em fevereiro deste ano) e aos 37,6% do trimestre findo em maio de 2020.<\/p>\n<p>O n\u00famero de empregados com carteira de trabalho assinada no setor privado foi de 29,8 milh\u00f5es de pessoas, uma queda de 4,2% (menos 1,3 milh\u00e3o de pessoas) frente ao mesmo per\u00edodo de 2020.<\/p>\n<p>J\u00e1 os empregados sem carteira assinada no setor privado somaram 9,8 milh\u00f5es de pessoas, contingente 6,4% maior (mais 586 mil pessoas) ante a igual trimestre de 2020.<\/p>\n<p>Os trabalhadores por conta pr\u00f3pria chegaram a 24,4 milh\u00f5es, 3% acima do frente ao trimestre anterior (mais 720 mil pessoas) e 8,7% superior (mais 2 milh\u00f5es de pessoas) ao trimestre findo em maio de 2020.<\/p>\n<p><strong>Subutiliza\u00e7\u00e3o<\/strong><\/p>\n<p>A popula\u00e7\u00e3o subutilizada, isto \u00e9, os desempregados, aqueles que trabalham menos do que poderiam e as pessoas que poderiam trabalhar mas n\u00e3o procuram emprego, chegou a 32,9 milh\u00f5es de pessoas, est\u00e1vel em rela\u00e7\u00e3o a fevereiro deste ano mas 8,5% superior a maio de 2020 (mais 2,6 milh\u00f5es de pessoas).<\/p>\n<p>A taxa de subutiliza\u00e7\u00e3o ficou em 29,3% em maio deste ano, est\u00e1vel em rela\u00e7\u00e3o a fevereiro deste ano e superior aos 27,5% de maio de 2020.<\/p>\n<p>A popula\u00e7\u00e3o subocupada por insufici\u00eancia de horas trabalhadas (7,36 milh\u00f5es de pessoas) foi recorde da s\u00e9rie hist\u00f3rica iniciada em 2012, com altas de 6,8% (mais 469 mil pessoas) ante fevereiro deste ano e de 27,2% (mais 1,6 milh\u00e3o de pessoas) na compara\u00e7\u00e3o com maio de 2020.<\/p>\n<p><span style=\"font-weight: 400;\">Fonte: Ag\u00eancia Brasil <\/span><\/p>\n","protected":false},"excerpt":{"rendered":"<p>A taxa de informalidade no mercado de trabalho do pa\u00eds subiu para 40% da popula\u00e7\u00e3o ocupada no trimestre finalizado em maio deste ano. O dado, da Pesquisa Nacional por Amostra de Domic\u00edlios (Pnad) Cont\u00ednua, foi divulgado hoje (30) pelo Instituto Brasileiro de Geografia e Estat\u00edstica (IBGE). Segundo o IBGE, entre os 86,7 milh\u00f5es de pessoas [&hellip;]<\/p>\n","protected":false},"author":246,"featured_media":186160,"comment_status":"closed","ping_status":"closed","sticky":false,"template":"","format":"standard","meta":{"footnotes":""},"categories":[436,261,439],"tags":[],"class_list":["post-186159","post","type-post","status-publish","format-standard","has-post-thumbnail","hentry","category-destaque-da-semana","category-economia","category-ultima-hora"],"_links":{"self":[{"href":"https:\/\/diarioregionaldigital.com.br\/index.php?rest_route=\/wp\/v2\/posts\/186159","targetHints":{"allow":["GET"]}}],"collection":[{"href":"https:\/\/diarioregionaldigital.com.br\/index.php?rest_route=\/wp\/v2\/posts"}],"about":[{"href":"https:\/\/diarioregionaldigital.com.br\/index.php?rest_route=\/wp\/v2\/types\/post"}],"author":[{"embeddable":true,"href":"https:\/\/diarioregionaldigital.com.br\/index.php?rest_route=\/wp\/v2\/users\/246"}],"replies":[{"embeddable":true,"href":"https:\/\/diarioregionaldigital.com.br\/index.php?rest_route=%2Fwp%2Fv2%2Fcomments&post=186159"}],"version-history":[{"count":1,"href":"https:\/\/diarioregionaldigital.com.br\/index.php?rest_route=\/wp\/v2\/posts\/186159\/revisions"}],"predecessor-version":[{"id":186161,"href":"https:\/\/diarioregionaldigital.com.br\/index.php?rest_route=\/wp\/v2\/posts\/186159\/revisions\/186161"}],"wp:featuredmedia":[{"embeddable":true,"href":"https:\/\/diarioregionaldigital.com.br\/index.php?rest_route=\/wp\/v2\/media\/186160"}],"wp:attachment":[{"href":"https:\/\/diarioregionaldigital.com.br\/index.php?rest_route=%2Fwp%2Fv2%2Fmedia&parent=186159"}],"wp:term":[{"taxonomy":"category","embeddable":true,"href":"https:\/\/diarioregionaldigital.com.br\/index.php?rest_route=%2Fwp%2Fv2%2Fcategories&post=186159"},{"taxonomy":"post_tag","embeddable":true,"href":"https:\/\/diarioregionaldigital.com.br\/index.php?rest_route=%2Fwp%2Fv2%2Ftags&post=186159"}],"curies":[{"name":"wp","href":"https:\/\/api.w.org\/{rel}","templated":true}]}}