{"id":186155,"date":"2021-07-30T16:24:42","date_gmt":"2021-07-30T19:24:42","guid":{"rendered":"https:\/\/diarioregionaldigital.com.br\/?p=186155"},"modified":"2021-07-30T16:24:42","modified_gmt":"2021-07-30T19:24:42","slug":"taxa-de-desemprego-fica-em-146-no-trimestre-encerrado-em-maio","status":"publish","type":"post","link":"https:\/\/diarioregionaldigital.com.br\/?p=186155","title":{"rendered":"Taxa de desemprego fica em 14,6% no trimestre encerrado em maio"},"content":{"rendered":"<p>A taxa de desemprego no pa\u00eds ficou em 14,6% no trimestre encerrado em maio deste ano, segundo dados divulgados hoje (30) pelo Instituto Brasileiro de Geografia e Estat\u00edstica (IBGE). O \u00edndice \u00e9 est\u00e1vel, em termos estat\u00edsticos, em rela\u00e7\u00e3o ao trimestre imediatamente anterior (encerrado em fevereiro deste ano): 14,4%.<img decoding=\"async\" src=\"https:\/\/agenciabrasil.ebc.com.br\/ebc.png?id=1416806&amp;o=node\" \/><img decoding=\"async\" src=\"https:\/\/agenciabrasil.ebc.com.br\/ebc.gif?id=1416806&amp;o=node\" \/><\/p>\n<p>De acordo com os dados da Pesquisa Nacional por Amostra de Domic\u00edlios (Pnad) Cont\u00ednua, houve uma alta, no entanto, na compara\u00e7\u00e3o com o trimestre findo em maio de 2020, quando a taxa era de 12,9%.<\/p>\n<p>A popula\u00e7\u00e3o desocupada no trimestre encerrado em maio deste ano, chegou a 14,8 milh\u00f5es, ou seja, manteve-se est\u00e1vel em rela\u00e7\u00e3o ao trimestre anterior mas cresceu 16,4% na compara\u00e7\u00e3o com o trimestre encerrado em maio do ano passado (mais 2,1 milh\u00f5es de desempregados).<\/p>\n<p>A popula\u00e7\u00e3o ocupada (86,7 milh\u00f5es de pessoas) cresceu 0,9% em compara\u00e7\u00e3o com o trimestre anterior (mais 809 mil pessoas empregadas) e ficou est\u00e1vel ante o trimestre encerrado em maio de 2020.<\/p>\n<p>O n\u00edvel da ocupa\u00e7\u00e3o, que \u00e9 o percentual de pessoas ocupadas na popula\u00e7\u00e3o em idade de trabalhar, chegou a 48,9%, ficando est\u00e1vel frente ao trimestre m\u00f3vel anterior (48,6%) e caindo ante o trimestre finalizado em maio de 2020 (49,5%).<\/p>\n<p><span style=\"font-weight: 400;\">Fonte: Ag\u00eancia Brasil <\/span><\/p>\n","protected":false},"excerpt":{"rendered":"<p>A taxa de desemprego no pa\u00eds ficou em 14,6% no trimestre encerrado em maio deste ano, segundo dados divulgados hoje (30) pelo Instituto Brasileiro de Geografia e Estat\u00edstica (IBGE). O \u00edndice \u00e9 est\u00e1vel, em termos estat\u00edsticos, em rela\u00e7\u00e3o ao trimestre imediatamente anterior (encerrado em fevereiro deste ano): 14,4%. De acordo com os dados da Pesquisa [&hellip;]<\/p>\n","protected":false},"author":246,"featured_media":186156,"comment_status":"closed","ping_status":"closed","sticky":false,"template":"","format":"standard","meta":{"footnotes":""},"categories":[436,261,439],"tags":[],"class_list":["post-186155","post","type-post","status-publish","format-standard","has-post-thumbnail","hentry","category-destaque-da-semana","category-economia","category-ultima-hora"],"_links":{"self":[{"href":"https:\/\/diarioregionaldigital.com.br\/index.php?rest_route=\/wp\/v2\/posts\/186155","targetHints":{"allow":["GET"]}}],"collection":[{"href":"https:\/\/diarioregionaldigital.com.br\/index.php?rest_route=\/wp\/v2\/posts"}],"about":[{"href":"https:\/\/diarioregionaldigital.com.br\/index.php?rest_route=\/wp\/v2\/types\/post"}],"author":[{"embeddable":true,"href":"https:\/\/diarioregionaldigital.com.br\/index.php?rest_route=\/wp\/v2\/users\/246"}],"replies":[{"embeddable":true,"href":"https:\/\/diarioregionaldigital.com.br\/index.php?rest_route=%2Fwp%2Fv2%2Fcomments&post=186155"}],"version-history":[{"count":2,"href":"https:\/\/diarioregionaldigital.com.br\/index.php?rest_route=\/wp\/v2\/posts\/186155\/revisions"}],"predecessor-version":[{"id":186158,"href":"https:\/\/diarioregionaldigital.com.br\/index.php?rest_route=\/wp\/v2\/posts\/186155\/revisions\/186158"}],"wp:featuredmedia":[{"embeddable":true,"href":"https:\/\/diarioregionaldigital.com.br\/index.php?rest_route=\/wp\/v2\/media\/186156"}],"wp:attachment":[{"href":"https:\/\/diarioregionaldigital.com.br\/index.php?rest_route=%2Fwp%2Fv2%2Fmedia&parent=186155"}],"wp:term":[{"taxonomy":"category","embeddable":true,"href":"https:\/\/diarioregionaldigital.com.br\/index.php?rest_route=%2Fwp%2Fv2%2Fcategories&post=186155"},{"taxonomy":"post_tag","embeddable":true,"href":"https:\/\/diarioregionaldigital.com.br\/index.php?rest_route=%2Fwp%2Fv2%2Ftags&post=186155"}],"curies":[{"name":"wp","href":"https:\/\/api.w.org\/{rel}","templated":true}]}}