{"id":186149,"date":"2021-07-30T13:30:54","date_gmt":"2021-07-30T16:30:54","guid":{"rendered":"https:\/\/diarioregionaldigital.com.br\/?p=186149"},"modified":"2021-07-30T13:30:54","modified_gmt":"2021-07-30T16:30:54","slug":"operacao-da-policia-civil-combate-trafico-na-zona-sul-de-juiz-de-fora","status":"publish","type":"post","link":"https:\/\/diarioregionaldigital.com.br\/?p=186149","title":{"rendered":"Opera\u00e7\u00e3o da Pol\u00edcia Civil combate tr\u00e1fico na Zona Sul de Juiz de Fora"},"content":{"rendered":"<p>Nesta quinta-feira, 29\/7, a Pol\u00edcia Civil de Minas Gerais desencadeou uma opera\u00e7\u00e3o, na Zona Sul do munic\u00edpio de Juiz de Fora, na Zona da Mata mineira, visando combater o tr\u00e1fico il\u00edcito de drogas. Na ocasi\u00e3o, um adolescente de 17 anos foi apreendido pela pr\u00e1tica de ato infracional an\u00e1logo ao crime de tr\u00e1fico.<\/p>\n<p>Conforme informa\u00e7\u00f5es da assessoria, o jovem foi abordado com 42 pedras de crack e dinheiro. Na resid\u00eancia do adolescente tamb\u00e9m foi apreendido um simulacro de fuzil.<\/p>\n<p>Segundo o delegado Rafael Gomes, a Pol\u00edcia Civil permanece desencadeando sucessivas opera\u00e7\u00f5es no enfrentamento do com\u00e9rcio ilegal de entorpecentes em Juiz de Fora.<\/p>\n","protected":false},"excerpt":{"rendered":"<p>Nesta quinta-feira, 29\/7, a Pol\u00edcia Civil de Minas Gerais desencadeou uma opera\u00e7\u00e3o, na Zona Sul do munic\u00edpio de Juiz de Fora, na Zona da Mata mineira, visando combater o tr\u00e1fico il\u00edcito de drogas. Na ocasi\u00e3o, um adolescente de 17 anos foi apreendido pela pr\u00e1tica de ato infracional an\u00e1logo ao crime de tr\u00e1fico. Conforme informa\u00e7\u00f5es da [&hellip;]<\/p>\n","protected":false},"author":246,"featured_media":186150,"comment_status":"closed","ping_status":"closed","sticky":false,"template":"","format":"standard","meta":{"footnotes":""},"categories":[301,1229],"tags":[],"class_list":["post-186149","post","type-post","status-publish","format-standard","has-post-thumbnail","hentry","category-artigos-policiais","category-policial"],"_links":{"self":[{"href":"https:\/\/diarioregionaldigital.com.br\/index.php?rest_route=\/wp\/v2\/posts\/186149","targetHints":{"allow":["GET"]}}],"collection":[{"href":"https:\/\/diarioregionaldigital.com.br\/index.php?rest_route=\/wp\/v2\/posts"}],"about":[{"href":"https:\/\/diarioregionaldigital.com.br\/index.php?rest_route=\/wp\/v2\/types\/post"}],"author":[{"embeddable":true,"href":"https:\/\/diarioregionaldigital.com.br\/index.php?rest_route=\/wp\/v2\/users\/246"}],"replies":[{"embeddable":true,"href":"https:\/\/diarioregionaldigital.com.br\/index.php?rest_route=%2Fwp%2Fv2%2Fcomments&post=186149"}],"version-history":[{"count":1,"href":"https:\/\/diarioregionaldigital.com.br\/index.php?rest_route=\/wp\/v2\/posts\/186149\/revisions"}],"predecessor-version":[{"id":186151,"href":"https:\/\/diarioregionaldigital.com.br\/index.php?rest_route=\/wp\/v2\/posts\/186149\/revisions\/186151"}],"wp:featuredmedia":[{"embeddable":true,"href":"https:\/\/diarioregionaldigital.com.br\/index.php?rest_route=\/wp\/v2\/media\/186150"}],"wp:attachment":[{"href":"https:\/\/diarioregionaldigital.com.br\/index.php?rest_route=%2Fwp%2Fv2%2Fmedia&parent=186149"}],"wp:term":[{"taxonomy":"category","embeddable":true,"href":"https:\/\/diarioregionaldigital.com.br\/index.php?rest_route=%2Fwp%2Fv2%2Fcategories&post=186149"},{"taxonomy":"post_tag","embeddable":true,"href":"https:\/\/diarioregionaldigital.com.br\/index.php?rest_route=%2Fwp%2Fv2%2Ftags&post=186149"}],"curies":[{"name":"wp","href":"https:\/\/api.w.org\/{rel}","templated":true}]}}