{"id":186144,"date":"2021-07-30T06:00:13","date_gmt":"2021-07-30T09:00:13","guid":{"rendered":"https:\/\/diarioregionaldigital.com.br\/?p=186144"},"modified":"2021-07-29T23:05:54","modified_gmt":"2021-07-30T02:05:54","slug":"convocacao-sindicato-dos-trabalhadores-30-07-2021","status":"publish","type":"post","link":"https:\/\/diarioregionaldigital.com.br\/?p=186144","title":{"rendered":"Convoca\u00e7\u00e3o &#8211; Sindicato dos Trabalhadores &#8211; 30\/07\/2021"},"content":{"rendered":"<h5 style=\"text-align: center;\">EDITAL DE CONVOCA\u00c7\u00c3O ASSEMBL\u00c9IA GERAL<\/h5>\n<p style=\"text-align: left;\"><strong>O Sindicato dos Trabalhadores nas Ind\u00fastrias Metal\u00fargicas, Mec\u00e2nicas, Material El\u00e9trico, Siderurgia e Fundi\u00e7\u00e3o, Montadora de Ve\u00edculos, Auto Pe\u00e7as, Repara\u00e7\u00e3o de Ve\u00edculos e Acess\u00f3rios de Juiz de Fora, Matias Barbosa, Rio Novo, Rio Pomba, Santos Dumont, S\u00e3o Jo\u00e3o Nepomuceno, bicas e Ewbanck da C\u00e2mara \u2013 MG e Sindicato das Ind\u00fastrias do Ferro do Estado de Minas Gerais<\/strong>, convocam todos os trabalhadores de sua base territorial, associados ou n\u00e3o ao sindicato, para Assembl\u00e9ia Geral que ser\u00e1 realizada nos dias 05 e 06 de agosto de 2021, na portaria da empresa ArcelorMittal Brasil S.A., situada na Rodovia BR 040, KM 769, Bairro Barreira do Triunfo Juiz de Fora, em convoca\u00e7\u00e3o para o dia 05\/08\/2021 nos hor\u00e1rios de 06:30 horas, 14:30 horas e 22:30 horas e no dia 06\/08\/21 nos hor\u00e1rios de 09:00 horas e 22:00 horas, conforme estatuto Social vigente, para discutir e deliberar sobre a seguinte ordem do dia:<\/p>\n<ul style=\"text-align: center;\">\n<li style=\"text-align: left;\">Discuss\u00e3o e aprova\u00e7\u00e3o da pauta de reivindica\u00e7\u00f5es, referente \u00e0 data base de 2021, a ser apresentada ao Sindicato do Ferro do estado de Minas Gerais;<\/li>\n<li style=\"text-align: left;\">Autoriza\u00e7\u00e3o para Diretoria Executiva celebrar Conven\u00e7\u00e3o Coletiva de Trabalho, e, frustrada a negocia\u00e7\u00e3o, eleger \u00e1rbitro e\/ou suscitar Diss\u00eddio Coletivo perante o Poder Judici\u00e1rio;<\/li>\n<li style=\"text-align: left;\">Delibera\u00e7\u00e3o sobre greve, inclusive o pagamento dos dias parados;<\/li>\n<li style=\"text-align: left;\">Delibera\u00e7\u00e3o sobre o percentual da taxa assistencial\/negocial a ser fixada pela Assembl\u00e9ia;<\/li>\n<li style=\"text-align: left;\">Delibera\u00e7\u00f5es sobre a instala\u00e7\u00e3o em car\u00e1ter permanente da presente Assembl\u00e9ia;<\/li>\n<li style=\"text-align: left;\">Delibera\u00e7\u00f5es conseq\u00fcentes.<\/li>\n<\/ul>\n<p style=\"text-align: center;\">Juiz de Fora, 30 de julho de 2021.<\/p>\n<h6 style=\"text-align: center;\">JO\u00c3O C\u00c9SAR DA SILVA PRESIDENTE DO STIM-JF E REGI\u00c3O<\/h6>\n","protected":false},"excerpt":{"rendered":"<p>EDITAL DE CONVOCA\u00c7\u00c3O ASSEMBL\u00c9IA GERAL O Sindicato dos Trabalhadores nas Ind\u00fastrias Metal\u00fargicas, Mec\u00e2nicas, Material El\u00e9trico, Siderurgia e Fundi\u00e7\u00e3o, Montadora de Ve\u00edculos, Auto Pe\u00e7as, Repara\u00e7\u00e3o de Ve\u00edculos e Acess\u00f3rios de Juiz de Fora, Matias Barbosa, Rio Novo, Rio Pomba, Santos Dumont, S\u00e3o Jo\u00e3o Nepomuceno, bicas e Ewbanck da C\u00e2mara \u2013 MG e Sindicato das Ind\u00fastrias do [&hellip;]<\/p>\n","protected":false},"author":96,"featured_media":0,"comment_status":"closed","ping_status":"closed","sticky":false,"template":"","format":"standard","meta":{"footnotes":""},"categories":[307],"tags":[],"class_list":["post-186144","post","type-post","status-publish","format-standard","hentry","category-editais"],"_links":{"self":[{"href":"https:\/\/diarioregionaldigital.com.br\/index.php?rest_route=\/wp\/v2\/posts\/186144","targetHints":{"allow":["GET"]}}],"collection":[{"href":"https:\/\/diarioregionaldigital.com.br\/index.php?rest_route=\/wp\/v2\/posts"}],"about":[{"href":"https:\/\/diarioregionaldigital.com.br\/index.php?rest_route=\/wp\/v2\/types\/post"}],"author":[{"embeddable":true,"href":"https:\/\/diarioregionaldigital.com.br\/index.php?rest_route=\/wp\/v2\/users\/96"}],"replies":[{"embeddable":true,"href":"https:\/\/diarioregionaldigital.com.br\/index.php?rest_route=%2Fwp%2Fv2%2Fcomments&post=186144"}],"version-history":[{"count":1,"href":"https:\/\/diarioregionaldigital.com.br\/index.php?rest_route=\/wp\/v2\/posts\/186144\/revisions"}],"predecessor-version":[{"id":186145,"href":"https:\/\/diarioregionaldigital.com.br\/index.php?rest_route=\/wp\/v2\/posts\/186144\/revisions\/186145"}],"wp:attachment":[{"href":"https:\/\/diarioregionaldigital.com.br\/index.php?rest_route=%2Fwp%2Fv2%2Fmedia&parent=186144"}],"wp:term":[{"taxonomy":"category","embeddable":true,"href":"https:\/\/diarioregionaldigital.com.br\/index.php?rest_route=%2Fwp%2Fv2%2Fcategories&post=186144"},{"taxonomy":"post_tag","embeddable":true,"href":"https:\/\/diarioregionaldigital.com.br\/index.php?rest_route=%2Fwp%2Fv2%2Ftags&post=186144"}],"curies":[{"name":"wp","href":"https:\/\/api.w.org\/{rel}","templated":true}]}}