{"id":186142,"date":"2021-07-30T06:00:21","date_gmt":"2021-07-30T09:00:21","guid":{"rendered":"https:\/\/diarioregionaldigital.com.br\/?p=186142"},"modified":"2021-07-29T23:01:17","modified_gmt":"2021-07-30T02:01:17","slug":"camara-municipal-de-de-matias-barbosa-pregao-no09-30-07-2021","status":"publish","type":"post","link":"https:\/\/diarioregionaldigital.com.br\/?p=186142","title":{"rendered":"C\u00e2mara Municipal de de Matias Barbosa &#8211; Preg\u00e3o n\u00ba09 &#8211; 30\/07\/2021"},"content":{"rendered":"<p style=\"text-align: center;\"><strong>AVISO DE CANCELAMENTO LICITA\u00c7\u00c3O<\/strong><\/p>\n<p style=\"text-align: center;\"><strong>PROCESSO LICITAT\u00d3RIO N\u00ba. 37\/2021.<\/strong><\/p>\n<p style=\"text-align: center;\"><strong>PREG\u00c3O N\u00ba. 09\/2021.<\/strong><\/p>\n<p style=\"text-align: center;\">A C\u00e2mara Municipal de Matias Barbosa, atrav\u00e9s da Pregoeira Oficial e equipe de apoio, torna p\u00fablico para conhecimento dos interessados, o <strong>CANCELAMENTO <\/strong>do Preg\u00e3o 09\/2021, Processo Licitat\u00f3rio 37\/2021, que tem como objeto aquisi\u00e7\u00e3o de arquivos em a\u00e7o e confec\u00e7\u00e3o de m\u00f3veis planejados para a C\u00e2mara Municipal de Matias Barbosa, por raz\u00f5es de conveni\u00eancia e oportunidade.<\/p>\n<p style=\"text-align: center;\">Matias Barbosa, 29 de julho de 2021.<\/p>\n<p style=\"text-align: center;\"><strong>Daniela Rocha Pitta<\/strong><\/p>\n<p style=\"text-align: center;\"><strong>Pregoeira Oficial<\/strong><\/p>\n","protected":false},"excerpt":{"rendered":"<p>AVISO DE CANCELAMENTO LICITA\u00c7\u00c3O PROCESSO LICITAT\u00d3RIO N\u00ba. 37\/2021. PREG\u00c3O N\u00ba. 09\/2021. A C\u00e2mara Municipal de Matias Barbosa, atrav\u00e9s da Pregoeira Oficial e equipe de apoio, torna p\u00fablico para conhecimento dos interessados, o CANCELAMENTO do Preg\u00e3o 09\/2021, Processo Licitat\u00f3rio 37\/2021, que tem como objeto aquisi\u00e7\u00e3o de arquivos em a\u00e7o e confec\u00e7\u00e3o de m\u00f3veis planejados para a [&hellip;]<\/p>\n","protected":false},"author":96,"featured_media":0,"comment_status":"closed","ping_status":"closed","sticky":false,"template":"","format":"standard","meta":{"footnotes":""},"categories":[307],"tags":[],"class_list":["post-186142","post","type-post","status-publish","format-standard","hentry","category-editais"],"_links":{"self":[{"href":"https:\/\/diarioregionaldigital.com.br\/index.php?rest_route=\/wp\/v2\/posts\/186142","targetHints":{"allow":["GET"]}}],"collection":[{"href":"https:\/\/diarioregionaldigital.com.br\/index.php?rest_route=\/wp\/v2\/posts"}],"about":[{"href":"https:\/\/diarioregionaldigital.com.br\/index.php?rest_route=\/wp\/v2\/types\/post"}],"author":[{"embeddable":true,"href":"https:\/\/diarioregionaldigital.com.br\/index.php?rest_route=\/wp\/v2\/users\/96"}],"replies":[{"embeddable":true,"href":"https:\/\/diarioregionaldigital.com.br\/index.php?rest_route=%2Fwp%2Fv2%2Fcomments&post=186142"}],"version-history":[{"count":1,"href":"https:\/\/diarioregionaldigital.com.br\/index.php?rest_route=\/wp\/v2\/posts\/186142\/revisions"}],"predecessor-version":[{"id":186143,"href":"https:\/\/diarioregionaldigital.com.br\/index.php?rest_route=\/wp\/v2\/posts\/186142\/revisions\/186143"}],"wp:attachment":[{"href":"https:\/\/diarioregionaldigital.com.br\/index.php?rest_route=%2Fwp%2Fv2%2Fmedia&parent=186142"}],"wp:term":[{"taxonomy":"category","embeddable":true,"href":"https:\/\/diarioregionaldigital.com.br\/index.php?rest_route=%2Fwp%2Fv2%2Fcategories&post=186142"},{"taxonomy":"post_tag","embeddable":true,"href":"https:\/\/diarioregionaldigital.com.br\/index.php?rest_route=%2Fwp%2Fv2%2Ftags&post=186142"}],"curies":[{"name":"wp","href":"https:\/\/api.w.org\/{rel}","templated":true}]}}