{"id":186137,"date":"2021-07-29T19:56:39","date_gmt":"2021-07-29T22:56:39","guid":{"rendered":"https:\/\/diarioregionaldigital.com.br\/?p=186137"},"modified":"2021-07-29T19:56:39","modified_gmt":"2021-07-29T22:56:39","slug":"vias-no-sao-pedro-e-vitorino-braga-recebem-nova-sinalizacao-horizontal","status":"publish","type":"post","link":"https:\/\/diarioregionaldigital.com.br\/?p=186137","title":{"rendered":"Vias no S\u00e3o Pedro e Vitorino Braga recebem nova sinaliza\u00e7\u00e3o horizontal"},"content":{"rendered":"<p>A Secretaria de Mobilidade Urbana (SMU) da Prefeitura de Juiz de Fora (PJF) atuou em diversas \u00e1reas da cidade nesta quinta-feira, 29, com o servi\u00e7o de pintura horizontal e instala\u00e7\u00e3o de equipamentos de seguran\u00e7a nas regi\u00f5es oeste e leste. J\u00e1 na sexta-feira, 30, a previs\u00e3o \u00e9 que os servi\u00e7os de tr\u00e2nsito promovam melhorias no bairro Santa Luzia.<\/p>\n<p>Segundo informa\u00e7\u00f5es do site da Prefeitura de Juiz de Fora, entre as vias atendidas nesta quinta-feira est\u00e1 a Rua Jos\u00e9 Louren\u00e7o, no bairro S\u00e3o Pedro. Ap\u00f3s ser totalmente recapeada pela PJF, foi necess\u00e1ria a revitaliza\u00e7\u00e3o da pintura asf\u00e1ltica, a fim de regularizar e alertar aos usu\u00e1rios e condutores sobre a sinaliza\u00e7\u00e3o, como proibi\u00e7\u00f5es, obriga\u00e7\u00f5es e restri\u00e7\u00f5es no uso da via.<\/p>\n<p>J\u00e1 as ruas Vitorino Braga e Garibalde Campinhos, no bairro Vitorino Braga, principais via de acesso \u00e0 regi\u00e3o Leste e que recebem grande fluxo de ve\u00edculos, tamb\u00e9m passaram por revitaliza\u00e7\u00e3o da sinaliza\u00e7\u00e3o horizontal. Al\u00e9m disso, foram instalados \u201ctach\u00f5es\u201d com o objetivo de refor\u00e7ar a canaliza\u00e7\u00e3o do tr\u00e2nsito, j\u00e1 que o equipamento complementa a sinaliza\u00e7\u00e3o, atrav\u00e9s de sua caracter\u00edstica reflexiva e de ressalto, trazendo mais seguran\u00e7a ao tr\u00e2nsito, tanto para motoristas, como para pedestres.<\/p>\n<p>Todos os servi\u00e7os realizados s\u00e3o atendimentos das solicita\u00e7\u00f5es da popula\u00e7\u00e3o atrav\u00e9s do novo sistema de atendimento da PJF, o\u00a0<a href=\"https:\/\/www.pjf.mg.gov.br\/secretarias\/stda\/prefeitura-agil\/\"><b>\u201cPrefeitura \u00c1gil\u201d<\/b><\/a><\/p>\n","protected":false},"excerpt":{"rendered":"<p>A Secretaria de Mobilidade Urbana (SMU) da Prefeitura de Juiz de Fora (PJF) atuou em diversas \u00e1reas da cidade nesta quinta-feira, 29, com o servi\u00e7o de pintura horizontal e instala\u00e7\u00e3o de equipamentos de seguran\u00e7a nas regi\u00f5es oeste e leste. J\u00e1 na sexta-feira, 30, a previs\u00e3o \u00e9 que os servi\u00e7os de tr\u00e2nsito promovam melhorias no bairro [&hellip;]<\/p>\n","protected":false},"author":246,"featured_media":186138,"comment_status":"closed","ping_status":"closed","sticky":false,"template":"","format":"standard","meta":{"footnotes":""},"categories":[253,436,439],"tags":[],"class_list":["post-186137","post","type-post","status-publish","format-standard","has-post-thumbnail","hentry","category-cidade","category-destaque-da-semana","category-ultima-hora"],"_links":{"self":[{"href":"https:\/\/diarioregionaldigital.com.br\/index.php?rest_route=\/wp\/v2\/posts\/186137","targetHints":{"allow":["GET"]}}],"collection":[{"href":"https:\/\/diarioregionaldigital.com.br\/index.php?rest_route=\/wp\/v2\/posts"}],"about":[{"href":"https:\/\/diarioregionaldigital.com.br\/index.php?rest_route=\/wp\/v2\/types\/post"}],"author":[{"embeddable":true,"href":"https:\/\/diarioregionaldigital.com.br\/index.php?rest_route=\/wp\/v2\/users\/246"}],"replies":[{"embeddable":true,"href":"https:\/\/diarioregionaldigital.com.br\/index.php?rest_route=%2Fwp%2Fv2%2Fcomments&post=186137"}],"version-history":[{"count":1,"href":"https:\/\/diarioregionaldigital.com.br\/index.php?rest_route=\/wp\/v2\/posts\/186137\/revisions"}],"predecessor-version":[{"id":186139,"href":"https:\/\/diarioregionaldigital.com.br\/index.php?rest_route=\/wp\/v2\/posts\/186137\/revisions\/186139"}],"wp:featuredmedia":[{"embeddable":true,"href":"https:\/\/diarioregionaldigital.com.br\/index.php?rest_route=\/wp\/v2\/media\/186138"}],"wp:attachment":[{"href":"https:\/\/diarioregionaldigital.com.br\/index.php?rest_route=%2Fwp%2Fv2%2Fmedia&parent=186137"}],"wp:term":[{"taxonomy":"category","embeddable":true,"href":"https:\/\/diarioregionaldigital.com.br\/index.php?rest_route=%2Fwp%2Fv2%2Fcategories&post=186137"},{"taxonomy":"post_tag","embeddable":true,"href":"https:\/\/diarioregionaldigital.com.br\/index.php?rest_route=%2Fwp%2Fv2%2Ftags&post=186137"}],"curies":[{"name":"wp","href":"https:\/\/api.w.org\/{rel}","templated":true}]}}