{"id":186134,"date":"2021-07-29T19:54:41","date_gmt":"2021-07-29T22:54:41","guid":{"rendered":"https:\/\/diarioregionaldigital.com.br\/?p=186134"},"modified":"2021-07-29T19:54:41","modified_gmt":"2021-07-29T22:54:41","slug":"ubs-do-granjas-bethania-fechara-as-11h-desta-sexta-feira-para-realizacao-de-desinfeccao","status":"publish","type":"post","link":"https:\/\/diarioregionaldigital.com.br\/?p=186134","title":{"rendered":"UBS do Granjas Beth\u00e2nia fechar\u00e1 \u00e0s 11h desta sexta-feira para realiza\u00e7\u00e3o de desinfec\u00e7\u00e3o"},"content":{"rendered":"<div id=\"box_texto_noticia\">A Unidade B\u00e1sica de Sa\u00fade (UBS) do Bairro Granjas Beth\u00e2nia fecha, excepcionalmente, \u00e0s 11h desta sexta-feira, 30, para que seja realizada a desinfec\u00e7\u00e3o do local.<\/p>\n<p><strong>Caso seja necess\u00e1rio, os moradores da regi\u00e3o podem procurar as UBSs mais pr\u00f3ximas.<\/strong><\/p>\n<p>Segundo informa\u00e7\u00f5es do site da Prefeitura de Juiz de Fora, na pr\u00f3xima segunda-feira, 2, a unidade volta a funcionar normalmente, das 7h \u00e0s 11h e das 13 \u00e0s 17h, realizando os atendimentos, enquanto a vacina\u00e7\u00e3o contra Influenza acontece das 8h \u00e0s 11h e das 13h \u00e0s 16h.<\/p><\/div>\n<p>&nbsp;<\/p>\n<div id=\"box_compartilhar\" align=\"right\"><\/div>\n","protected":false},"excerpt":{"rendered":"<p>A Unidade B\u00e1sica de Sa\u00fade (UBS) do Bairro Granjas Beth\u00e2nia fecha, excepcionalmente, \u00e0s 11h desta sexta-feira, 30, para que seja realizada a desinfec\u00e7\u00e3o do local. Caso seja necess\u00e1rio, os moradores da regi\u00e3o podem procurar as UBSs mais pr\u00f3ximas. Segundo informa\u00e7\u00f5es do site da Prefeitura de Juiz de Fora, na pr\u00f3xima segunda-feira, 2, a unidade volta [&hellip;]<\/p>\n","protected":false},"author":246,"featured_media":186135,"comment_status":"closed","ping_status":"closed","sticky":false,"template":"","format":"standard","meta":{"footnotes":""},"categories":[253,436,439],"tags":[],"class_list":["post-186134","post","type-post","status-publish","format-standard","has-post-thumbnail","hentry","category-cidade","category-destaque-da-semana","category-ultima-hora"],"_links":{"self":[{"href":"https:\/\/diarioregionaldigital.com.br\/index.php?rest_route=\/wp\/v2\/posts\/186134","targetHints":{"allow":["GET"]}}],"collection":[{"href":"https:\/\/diarioregionaldigital.com.br\/index.php?rest_route=\/wp\/v2\/posts"}],"about":[{"href":"https:\/\/diarioregionaldigital.com.br\/index.php?rest_route=\/wp\/v2\/types\/post"}],"author":[{"embeddable":true,"href":"https:\/\/diarioregionaldigital.com.br\/index.php?rest_route=\/wp\/v2\/users\/246"}],"replies":[{"embeddable":true,"href":"https:\/\/diarioregionaldigital.com.br\/index.php?rest_route=%2Fwp%2Fv2%2Fcomments&post=186134"}],"version-history":[{"count":1,"href":"https:\/\/diarioregionaldigital.com.br\/index.php?rest_route=\/wp\/v2\/posts\/186134\/revisions"}],"predecessor-version":[{"id":186136,"href":"https:\/\/diarioregionaldigital.com.br\/index.php?rest_route=\/wp\/v2\/posts\/186134\/revisions\/186136"}],"wp:featuredmedia":[{"embeddable":true,"href":"https:\/\/diarioregionaldigital.com.br\/index.php?rest_route=\/wp\/v2\/media\/186135"}],"wp:attachment":[{"href":"https:\/\/diarioregionaldigital.com.br\/index.php?rest_route=%2Fwp%2Fv2%2Fmedia&parent=186134"}],"wp:term":[{"taxonomy":"category","embeddable":true,"href":"https:\/\/diarioregionaldigital.com.br\/index.php?rest_route=%2Fwp%2Fv2%2Fcategories&post=186134"},{"taxonomy":"post_tag","embeddable":true,"href":"https:\/\/diarioregionaldigital.com.br\/index.php?rest_route=%2Fwp%2Fv2%2Ftags&post=186134"}],"curies":[{"name":"wp","href":"https:\/\/api.w.org\/{rel}","templated":true}]}}