{"id":186131,"date":"2021-07-29T19:51:52","date_gmt":"2021-07-29T22:51:52","guid":{"rendered":"https:\/\/diarioregionaldigital.com.br\/?p=186131"},"modified":"2021-07-29T19:51:52","modified_gmt":"2021-07-29T22:51:52","slug":"pam-marechal-e-ponto-de-vacinacao-neste-sabado-31","status":"publish","type":"post","link":"https:\/\/diarioregionaldigital.com.br\/?p=186131","title":{"rendered":"PAM Marechal \u00e9 ponto de vacina\u00e7\u00e3o neste s\u00e1bado, 31"},"content":{"rendered":"<p>Em prosseguimento \u00e0 vacina\u00e7\u00e3o de segunda dose contra a Covid-19, o Pronto Atendimento M\u00e9dico, PAM Marechal, aplica, neste s\u00e1bado, 31, exclusivamente, a segunda dose do imunizante Coronavac. Segundo informa\u00e7\u00f5es do site da Prefeitura de Juiz de Fora, o hor\u00e1rio de funcionamento ser\u00e1 das 8h \u00e0s 12h, e contemplar\u00e1 apenas as pessoas que precisam receber a segunda aplica\u00e7\u00e3o de doses desse laborat\u00f3rio.<\/p>\n<p>Na \u00faltima quinta-feira, 29, a Secretaria de Sa\u00fade (SS) foi obrigada a interromper, momentaneamente, a vacina\u00e7\u00e3o da primeira dose contra o coronav\u00edrus devido ao n\u00e3o recebimento dos imunizantes por parte do Minist\u00e9rio da Sa\u00fade. Diversas cidades brasileiras sofrem com a mesma situa\u00e7\u00e3o, e suspenderam a aplica\u00e7\u00e3o da primeira dose, como Bel\u00e9m, Natal, Macei\u00f3, Jo\u00e3o Pessoa, Salvador, Vit\u00f3ria, Rio de Janeiro, Florian\u00f3polis e Campo Grande.<\/p>\n<p>At\u00e9 a noite desta quarta-feira, 28, a SS j\u00e1 havia aplicado mais de 484 mil doses contra a Covid-19, ultrapassando 25% da popula\u00e7\u00e3o total da cidade vacinada com as duas doses ou vacina de dose \u00fanica. J\u00e1 o p\u00fablico-alvo, as pessoas com 18 anos ou mais, ultrapassou 70% com ao menos uma dose.<\/p>\n<p><b>Confira a vacina\u00e7\u00e3o contra a Covid-19 neste s\u00e1bado, 31:<\/b><\/p>\n<p>Local: PAM Marechal, de 8h \u00e0s 12h<br \/>\n<b>Vacina\u00e7\u00e3o exclusivamente para segunda dose da Coronavac<\/b><\/p>\n","protected":false},"excerpt":{"rendered":"<p>Em prosseguimento \u00e0 vacina\u00e7\u00e3o de segunda dose contra a Covid-19, o Pronto Atendimento M\u00e9dico, PAM Marechal, aplica, neste s\u00e1bado, 31, exclusivamente, a segunda dose do imunizante Coronavac. Segundo informa\u00e7\u00f5es do site da Prefeitura de Juiz de Fora, o hor\u00e1rio de funcionamento ser\u00e1 das 8h \u00e0s 12h, e contemplar\u00e1 apenas as pessoas que precisam receber a [&hellip;]<\/p>\n","protected":false},"author":246,"featured_media":186132,"comment_status":"closed","ping_status":"closed","sticky":false,"template":"","format":"standard","meta":{"footnotes":""},"categories":[253,436,439],"tags":[],"class_list":["post-186131","post","type-post","status-publish","format-standard","has-post-thumbnail","hentry","category-cidade","category-destaque-da-semana","category-ultima-hora"],"_links":{"self":[{"href":"https:\/\/diarioregionaldigital.com.br\/index.php?rest_route=\/wp\/v2\/posts\/186131","targetHints":{"allow":["GET"]}}],"collection":[{"href":"https:\/\/diarioregionaldigital.com.br\/index.php?rest_route=\/wp\/v2\/posts"}],"about":[{"href":"https:\/\/diarioregionaldigital.com.br\/index.php?rest_route=\/wp\/v2\/types\/post"}],"author":[{"embeddable":true,"href":"https:\/\/diarioregionaldigital.com.br\/index.php?rest_route=\/wp\/v2\/users\/246"}],"replies":[{"embeddable":true,"href":"https:\/\/diarioregionaldigital.com.br\/index.php?rest_route=%2Fwp%2Fv2%2Fcomments&post=186131"}],"version-history":[{"count":1,"href":"https:\/\/diarioregionaldigital.com.br\/index.php?rest_route=\/wp\/v2\/posts\/186131\/revisions"}],"predecessor-version":[{"id":186133,"href":"https:\/\/diarioregionaldigital.com.br\/index.php?rest_route=\/wp\/v2\/posts\/186131\/revisions\/186133"}],"wp:featuredmedia":[{"embeddable":true,"href":"https:\/\/diarioregionaldigital.com.br\/index.php?rest_route=\/wp\/v2\/media\/186132"}],"wp:attachment":[{"href":"https:\/\/diarioregionaldigital.com.br\/index.php?rest_route=%2Fwp%2Fv2%2Fmedia&parent=186131"}],"wp:term":[{"taxonomy":"category","embeddable":true,"href":"https:\/\/diarioregionaldigital.com.br\/index.php?rest_route=%2Fwp%2Fv2%2Fcategories&post=186131"},{"taxonomy":"post_tag","embeddable":true,"href":"https:\/\/diarioregionaldigital.com.br\/index.php?rest_route=%2Fwp%2Fv2%2Ftags&post=186131"}],"curies":[{"name":"wp","href":"https:\/\/api.w.org\/{rel}","templated":true}]}}