{"id":186128,"date":"2021-07-29T19:49:44","date_gmt":"2021-07-29T22:49:44","guid":{"rendered":"https:\/\/diarioregionaldigital.com.br\/?p=186128"},"modified":"2021-07-29T19:49:44","modified_gmt":"2021-07-29T22:49:44","slug":"cesama-realiza-interligacao-e-regiao-sul-pode-ter-abastecimento-comprometido-neste-domingo","status":"publish","type":"post","link":"https:\/\/diarioregionaldigital.com.br\/?p=186128","title":{"rendered":"Cesama realiza interliga\u00e7\u00e3o e Regi\u00e3o Sul pode ter abastecimento comprometido neste domingo"},"content":{"rendered":"<p>No pr\u00f3ximo domingo, 1\u00ba de agosto, a Companhia de Saneamento Municipal (Cesama) da Prefeitura de Juiz de Fora ir\u00e1 realizar uma nova interliga\u00e7\u00e3o no sistema da Zona E, respons\u00e1vel pelo abastecimento da Regi\u00e3o Sul da cidade. Segundo informa\u00e7\u00f5es do site da Prefeitura de Juiz de Fora, os servi\u00e7os acontecer\u00e3o das 8h \u00e0s 17h, em dois pontos: pr\u00f3ximo ao Port\u00e3o Sul da Universidade Federal de Juiz de Fora (UFJF), e nas imedia\u00e7\u00f5es do viaduto da Avenida Itamar Franco, pr\u00f3ximo \u00e0 rotat\u00f3ria da Ascomcer, no sentido Cascatinha. Para realiza\u00e7\u00e3o dos trabalhos, ser\u00e1 necess\u00e1rio interromper o fornecimento de \u00e1gua da \u00e1rea, o que ir\u00e1 comprometer o abastecimento do Cascatinha, Teixeiras, Jardim Laranjeiras, Jardim Li\u00fa, Aeroporto, Mandala, Jardim da Serra, Nova Calif\u00f3rnia, Parque Jardim da Serra, Lajinha Green Park e Condom\u00ednio Murilo Mendes.<\/p>\n<p>Assim que os servi\u00e7os forem conclu\u00eddos, a \u00e1gua ser\u00e1 reaberta. Por ser um trabalho extenso, que atinge uma regi\u00e3o significativa, a previs\u00e3o \u00e9 de que o abastecimento seja regularizado ao longo da segunda-feira, 2. A Cesama pede a compreens\u00e3o dos usu\u00e1rios e orienta para que economizem \u00e1gua.<\/p>\n","protected":false},"excerpt":{"rendered":"<p>No pr\u00f3ximo domingo, 1\u00ba de agosto, a Companhia de Saneamento Municipal (Cesama) da Prefeitura de Juiz de Fora ir\u00e1 realizar uma nova interliga\u00e7\u00e3o no sistema da Zona E, respons\u00e1vel pelo abastecimento da Regi\u00e3o Sul da cidade. Segundo informa\u00e7\u00f5es do site da Prefeitura de Juiz de Fora, os servi\u00e7os acontecer\u00e3o das 8h \u00e0s 17h, em dois [&hellip;]<\/p>\n","protected":false},"author":246,"featured_media":186129,"comment_status":"closed","ping_status":"closed","sticky":false,"template":"","format":"standard","meta":{"footnotes":""},"categories":[253,440,439],"tags":[],"class_list":["post-186128","post","type-post","status-publish","format-standard","has-post-thumbnail","hentry","category-cidade","category-destaques-do-dia","category-ultima-hora"],"_links":{"self":[{"href":"https:\/\/diarioregionaldigital.com.br\/index.php?rest_route=\/wp\/v2\/posts\/186128","targetHints":{"allow":["GET"]}}],"collection":[{"href":"https:\/\/diarioregionaldigital.com.br\/index.php?rest_route=\/wp\/v2\/posts"}],"about":[{"href":"https:\/\/diarioregionaldigital.com.br\/index.php?rest_route=\/wp\/v2\/types\/post"}],"author":[{"embeddable":true,"href":"https:\/\/diarioregionaldigital.com.br\/index.php?rest_route=\/wp\/v2\/users\/246"}],"replies":[{"embeddable":true,"href":"https:\/\/diarioregionaldigital.com.br\/index.php?rest_route=%2Fwp%2Fv2%2Fcomments&post=186128"}],"version-history":[{"count":1,"href":"https:\/\/diarioregionaldigital.com.br\/index.php?rest_route=\/wp\/v2\/posts\/186128\/revisions"}],"predecessor-version":[{"id":186130,"href":"https:\/\/diarioregionaldigital.com.br\/index.php?rest_route=\/wp\/v2\/posts\/186128\/revisions\/186130"}],"wp:featuredmedia":[{"embeddable":true,"href":"https:\/\/diarioregionaldigital.com.br\/index.php?rest_route=\/wp\/v2\/media\/186129"}],"wp:attachment":[{"href":"https:\/\/diarioregionaldigital.com.br\/index.php?rest_route=%2Fwp%2Fv2%2Fmedia&parent=186128"}],"wp:term":[{"taxonomy":"category","embeddable":true,"href":"https:\/\/diarioregionaldigital.com.br\/index.php?rest_route=%2Fwp%2Fv2%2Fcategories&post=186128"},{"taxonomy":"post_tag","embeddable":true,"href":"https:\/\/diarioregionaldigital.com.br\/index.php?rest_route=%2Fwp%2Fv2%2Ftags&post=186128"}],"curies":[{"name":"wp","href":"https:\/\/api.w.org\/{rel}","templated":true}]}}