{"id":186125,"date":"2021-07-29T19:43:53","date_gmt":"2021-07-29T22:43:53","guid":{"rendered":"https:\/\/diarioregionaldigital.com.br\/?p=186125"},"modified":"2021-07-29T19:43:53","modified_gmt":"2021-07-29T22:43:53","slug":"boxeador-hebert-conceicao-avanca-as-quartas-em-toquio","status":"publish","type":"post","link":"https:\/\/diarioregionaldigital.com.br\/?p=186125","title":{"rendered":"Boxeador Hebert Concei\u00e7\u00e3o avan\u00e7a \u00e0s quartas em T\u00f3quio"},"content":{"rendered":"<p>O baiano Hebert Concei\u00e7\u00e3o estreou com vit\u00f3ria nesta quinta-feira (29) na categoria peso-m\u00e9dio (at\u00e9 75kg) na Olimp\u00edada de T\u00f3quio. Ele derrotou o chin\u00eas Erbieke Tuoheta em decis\u00e3o por pontos. No julgamento dos \u00e1rbitros a luta terminou com o resultado de 3 a 2. Todos os duelos do boxe acontecem na Arena Kokugikan, na capital T\u00f3quio.<\/p>\n<p>Com o triunfo, o brasileiro vai encarar nas quartas de final Abilkhan Amankul, do Cazaquist\u00e3o, no domingo (1), \u00e0s 6h18 (hor\u00e1rio de Bras\u00edlia). Caso ele ven\u00e7a, j\u00e1 garante pelo menos uma medalha de bronze.<\/p>\n<p><strong>A luta<br \/>\n<\/strong><br \/>\nHebert Concei\u00e7\u00e3o bate chin\u00eas Tuoheta Erbieke<br \/>\nHebert Concei\u00e7\u00e3o bate chin\u00eas Tuoheta Erbieke &#8211; UESLEI MARCELINO<\/p>\n<p>O duelo foi bastante equilibrado. No primeiro round, o baiano foi mais agressivo, enquanto o asi\u00e1tico teve uma postura mais reativa. No segundo e terceiro, Tuoheta mudou a estrat\u00e9gia e buscou mais o ataque. Entretanto, o primeiro round foi essencial para que o boxeador de 23 anos vencesse por 3 a 2.<\/p>\n<p><strong>Keno Marley tamb\u00e9m avan\u00e7a<\/strong><\/p>\n<p>Se a vit\u00f3ria de Hebert foi sofrida, n\u00e3o podemos dizer o mesmo do meio-pesado (at\u00e9 81kg) Keno Marley, que derrotou ontem (28) o chin\u00eas Daxiang Chen. O combate terminou no segundo round, quando o asi\u00e1tico ficou sem condi\u00e7\u00e3o de continuar na disputa.<\/p>\n<p>Nas quartas de final, o baiano, de 21 anos, lutar\u00e1 com o brit\u00e2nico Benjamin Whittaker, na sexta-feira (30), \u00e0 1h24 (hor\u00e1rio de Bras\u00edlia). Se avan\u00e7ar, pelo menos a medalha de bronze ser\u00e1 colocada no peito do brasileiro.<\/p>\n<p><span style=\"font-weight: 400;\">Fonte: Ag\u00eancia Brasil <\/span><\/p>\n","protected":false},"excerpt":{"rendered":"<p>O baiano Hebert Concei\u00e7\u00e3o estreou com vit\u00f3ria nesta quinta-feira (29) na categoria peso-m\u00e9dio (at\u00e9 75kg) na Olimp\u00edada de T\u00f3quio. Ele derrotou o chin\u00eas Erbieke Tuoheta em decis\u00e3o por pontos. No julgamento dos \u00e1rbitros a luta terminou com o resultado de 3 a 2. Todos os duelos do boxe acontecem na Arena Kokugikan, na capital T\u00f3quio. [&hellip;]<\/p>\n","protected":false},"author":246,"featured_media":186126,"comment_status":"closed","ping_status":"closed","sticky":false,"template":"","format":"standard","meta":{"footnotes":""},"categories":[436,257,439],"tags":[],"class_list":["post-186125","post","type-post","status-publish","format-standard","has-post-thumbnail","hentry","category-destaque-da-semana","category-esporte","category-ultima-hora"],"_links":{"self":[{"href":"https:\/\/diarioregionaldigital.com.br\/index.php?rest_route=\/wp\/v2\/posts\/186125","targetHints":{"allow":["GET"]}}],"collection":[{"href":"https:\/\/diarioregionaldigital.com.br\/index.php?rest_route=\/wp\/v2\/posts"}],"about":[{"href":"https:\/\/diarioregionaldigital.com.br\/index.php?rest_route=\/wp\/v2\/types\/post"}],"author":[{"embeddable":true,"href":"https:\/\/diarioregionaldigital.com.br\/index.php?rest_route=\/wp\/v2\/users\/246"}],"replies":[{"embeddable":true,"href":"https:\/\/diarioregionaldigital.com.br\/index.php?rest_route=%2Fwp%2Fv2%2Fcomments&post=186125"}],"version-history":[{"count":1,"href":"https:\/\/diarioregionaldigital.com.br\/index.php?rest_route=\/wp\/v2\/posts\/186125\/revisions"}],"predecessor-version":[{"id":186127,"href":"https:\/\/diarioregionaldigital.com.br\/index.php?rest_route=\/wp\/v2\/posts\/186125\/revisions\/186127"}],"wp:featuredmedia":[{"embeddable":true,"href":"https:\/\/diarioregionaldigital.com.br\/index.php?rest_route=\/wp\/v2\/media\/186126"}],"wp:attachment":[{"href":"https:\/\/diarioregionaldigital.com.br\/index.php?rest_route=%2Fwp%2Fv2%2Fmedia&parent=186125"}],"wp:term":[{"taxonomy":"category","embeddable":true,"href":"https:\/\/diarioregionaldigital.com.br\/index.php?rest_route=%2Fwp%2Fv2%2Fcategories&post=186125"},{"taxonomy":"post_tag","embeddable":true,"href":"https:\/\/diarioregionaldigital.com.br\/index.php?rest_route=%2Fwp%2Fv2%2Ftags&post=186125"}],"curies":[{"name":"wp","href":"https:\/\/api.w.org\/{rel}","templated":true}]}}