{"id":186122,"date":"2021-07-29T19:39:48","date_gmt":"2021-07-29T22:39:48","guid":{"rendered":"https:\/\/diarioregionaldigital.com.br\/?p=186122"},"modified":"2021-07-29T19:39:48","modified_gmt":"2021-07-29T22:39:48","slug":"alison-e-alvaro-vao-as-oitavas-no-volei-de-praia","status":"publish","type":"post","link":"https:\/\/diarioregionaldigital.com.br\/?p=186122","title":{"rendered":"Alison e \u00c1lvaro v\u00e3o \u00e0s oitavas no v\u00f4lei de praia"},"content":{"rendered":"<p>A dupla Alison e \u00c1lvaro Filho venceu nesta quinta-feira (29) os holandeses Robert Meeuwsen e Alexander Brouwer por 2 sets a 0, com parciais de 21\/14 e 24\/22. A partida foi disputada no Parque Shiozake, na capital japonesa. O triunfo selou a classifica\u00e7\u00e3o dos brasileiros \u00e0s oitavas de final do v\u00f4lei de praia da Olimp\u00edada de T\u00f3quio.<\/p>\n<p>Com esta vit\u00f3ria, Alison e \u00c1lvaro Filho v\u00e3o aguardar os resultados das partidas de amanh\u00e3 (30) para saber quem enfrentar\u00e3o na fase mata-mata. A dupla nacional se recuperou, j\u00e1 que perdeu na \u00faltima rodada para os norte-americanos Phil Dalhausser e Nick Lucena por 2 sets a 1 (22\/24, 21\/19 e 13\/15). Na estreia, eles derrotaram os argentinos Juli\u00e1n Azaad e Nicolas Capogrosso por 2 sets a 0 (parciais de 21\/16 e 21\/17).<\/p>\n<p><strong>O jogo<br \/>\n<\/strong><br \/>\nO confronto come\u00e7ou favor\u00e1vel para os holandeses, que abriram tr\u00eas pontos de vantagem (5 a 2). O Brasil conseguiu a igualar quando fez 7 a 7. No decorrer do duelo, Alison e \u00c1lvaro subiram de produ\u00e7\u00e3o e fizeram 18 a 13. Na sequ\u00eancia, eles fecharam o primeiro set por 21 a 14.<\/p>\n<p>O segundo set foi bem mais apertado. At\u00e9 10 a 10, a maior diferen\u00e7a foi para Brouwer e Meeuwsen, que fizeram 8 a 6. A disputa foi acirrada at\u00e9 Alison e \u00c1lvaro fecharem o marcado em 24 a 22.<\/p>\n<p><span style=\"font-weight: 400;\">Fonte: Ag\u00eancia Brasil <\/span><\/p>\n","protected":false},"excerpt":{"rendered":"<p>A dupla Alison e \u00c1lvaro Filho venceu nesta quinta-feira (29) os holandeses Robert Meeuwsen e Alexander Brouwer por 2 sets a 0, com parciais de 21\/14 e 24\/22. A partida foi disputada no Parque Shiozake, na capital japonesa. O triunfo selou a classifica\u00e7\u00e3o dos brasileiros \u00e0s oitavas de final do v\u00f4lei de praia da Olimp\u00edada [&hellip;]<\/p>\n","protected":false},"author":246,"featured_media":186123,"comment_status":"closed","ping_status":"closed","sticky":false,"template":"","format":"standard","meta":{"footnotes":""},"categories":[436,257,439],"tags":[],"class_list":["post-186122","post","type-post","status-publish","format-standard","has-post-thumbnail","hentry","category-destaque-da-semana","category-esporte","category-ultima-hora"],"_links":{"self":[{"href":"https:\/\/diarioregionaldigital.com.br\/index.php?rest_route=\/wp\/v2\/posts\/186122","targetHints":{"allow":["GET"]}}],"collection":[{"href":"https:\/\/diarioregionaldigital.com.br\/index.php?rest_route=\/wp\/v2\/posts"}],"about":[{"href":"https:\/\/diarioregionaldigital.com.br\/index.php?rest_route=\/wp\/v2\/types\/post"}],"author":[{"embeddable":true,"href":"https:\/\/diarioregionaldigital.com.br\/index.php?rest_route=\/wp\/v2\/users\/246"}],"replies":[{"embeddable":true,"href":"https:\/\/diarioregionaldigital.com.br\/index.php?rest_route=%2Fwp%2Fv2%2Fcomments&post=186122"}],"version-history":[{"count":1,"href":"https:\/\/diarioregionaldigital.com.br\/index.php?rest_route=\/wp\/v2\/posts\/186122\/revisions"}],"predecessor-version":[{"id":186124,"href":"https:\/\/diarioregionaldigital.com.br\/index.php?rest_route=\/wp\/v2\/posts\/186122\/revisions\/186124"}],"wp:featuredmedia":[{"embeddable":true,"href":"https:\/\/diarioregionaldigital.com.br\/index.php?rest_route=\/wp\/v2\/media\/186123"}],"wp:attachment":[{"href":"https:\/\/diarioregionaldigital.com.br\/index.php?rest_route=%2Fwp%2Fv2%2Fmedia&parent=186122"}],"wp:term":[{"taxonomy":"category","embeddable":true,"href":"https:\/\/diarioregionaldigital.com.br\/index.php?rest_route=%2Fwp%2Fv2%2Fcategories&post=186122"},{"taxonomy":"post_tag","embeddable":true,"href":"https:\/\/diarioregionaldigital.com.br\/index.php?rest_route=%2Fwp%2Fv2%2Ftags&post=186122"}],"curies":[{"name":"wp","href":"https:\/\/api.w.org\/{rel}","templated":true}]}}