{"id":186118,"date":"2021-07-29T19:38:05","date_gmt":"2021-07-29T22:38:05","guid":{"rendered":"https:\/\/diarioregionaldigital.com.br\/?p=186118"},"modified":"2021-07-29T19:38:05","modified_gmt":"2021-07-29T22:38:05","slug":"dupla-brasileira-perde-para-suicas-e-buscara-bronze-no-tenis","status":"publish","type":"post","link":"https:\/\/diarioregionaldigital.com.br\/?p=186118","title":{"rendered":"Dupla brasileira perde para su\u00ed\u00e7as e buscar\u00e1 bronze no t\u00eanis"},"content":{"rendered":"<p>As brasileiras Laura Pigossi e Luisa Stefani foram derrotadas nesta quinta-feira (29) pela dupla su\u00ed\u00e7a formada por Belinda Bencic e Viktorija Golubic e disputar\u00e3o a medalha de bronze na Olimp\u00edada de T\u00f3quio.<img decoding=\"async\" src=\"https:\/\/agenciabrasil.ebc.com.br\/ebc.png?id=1416702&amp;o=node\" \/><img decoding=\"async\" src=\"https:\/\/agenciabrasil.ebc.com.br\/ebc.gif?id=1416702&amp;o=node\" \/><\/p>\n<p>Laura e Luisa perderam em dois sets com parciais de 7\/5 e 6\/3 na semifinal do torneio ol\u00edmpico de duplas femininas de t\u00eanis no Parque Ariake.<\/p>\n<p>As brasileiras cometeram quatro duplas faltas, contra nenhuma das advers\u00e1rias, e oito erros n\u00e3o for\u00e7ados, contra seis das rivais.<\/p>\n<p>Laura e Luisa, que com a classifica\u00e7\u00e3o \u00e0 semifinal igualaram a melhor campanha do t\u00eanis brasileiro em uma Olimp\u00edada &#8211; a quarta posi\u00e7\u00e3o de Fernando Meligeni em Atlanta 1996 &#8211;\u00a0buscar\u00e3o o bronze e superar a melhor campanha do t\u00eanis nos Jogos contra as russas Veronika Kudermetova e Elena Vesnina, que tamb\u00e9m nesta quinta (29) foram derrotadas pela dupla da Rep\u00fablica Tcheca, formada por Barbora Krejcikova e Katerina Siniakova.<\/p>\n<p>A dupla su\u00ed\u00e7a, algoz das brasileiras, disputar\u00e1 o ouro com as tchecas.<\/p>\n<p><span style=\"font-weight: 400;\">Fonte: Ag\u00eancia Brasil <\/span><\/p>\n","protected":false},"excerpt":{"rendered":"<p>As brasileiras Laura Pigossi e Luisa Stefani foram derrotadas nesta quinta-feira (29) pela dupla su\u00ed\u00e7a formada por Belinda Bencic e Viktorija Golubic e disputar\u00e3o a medalha de bronze na Olimp\u00edada de T\u00f3quio. Laura e Luisa perderam em dois sets com parciais de 7\/5 e 6\/3 na semifinal do torneio ol\u00edmpico de duplas femininas de t\u00eanis [&hellip;]<\/p>\n","protected":false},"author":246,"featured_media":186119,"comment_status":"closed","ping_status":"closed","sticky":false,"template":"","format":"standard","meta":{"footnotes":""},"categories":[436,257,439],"tags":[],"class_list":["post-186118","post","type-post","status-publish","format-standard","has-post-thumbnail","hentry","category-destaque-da-semana","category-esporte","category-ultima-hora"],"_links":{"self":[{"href":"https:\/\/diarioregionaldigital.com.br\/index.php?rest_route=\/wp\/v2\/posts\/186118","targetHints":{"allow":["GET"]}}],"collection":[{"href":"https:\/\/diarioregionaldigital.com.br\/index.php?rest_route=\/wp\/v2\/posts"}],"about":[{"href":"https:\/\/diarioregionaldigital.com.br\/index.php?rest_route=\/wp\/v2\/types\/post"}],"author":[{"embeddable":true,"href":"https:\/\/diarioregionaldigital.com.br\/index.php?rest_route=\/wp\/v2\/users\/246"}],"replies":[{"embeddable":true,"href":"https:\/\/diarioregionaldigital.com.br\/index.php?rest_route=%2Fwp%2Fv2%2Fcomments&post=186118"}],"version-history":[{"count":1,"href":"https:\/\/diarioregionaldigital.com.br\/index.php?rest_route=\/wp\/v2\/posts\/186118\/revisions"}],"predecessor-version":[{"id":186121,"href":"https:\/\/diarioregionaldigital.com.br\/index.php?rest_route=\/wp\/v2\/posts\/186118\/revisions\/186121"}],"wp:featuredmedia":[{"embeddable":true,"href":"https:\/\/diarioregionaldigital.com.br\/index.php?rest_route=\/wp\/v2\/media\/186119"}],"wp:attachment":[{"href":"https:\/\/diarioregionaldigital.com.br\/index.php?rest_route=%2Fwp%2Fv2%2Fmedia&parent=186118"}],"wp:term":[{"taxonomy":"category","embeddable":true,"href":"https:\/\/diarioregionaldigital.com.br\/index.php?rest_route=%2Fwp%2Fv2%2Fcategories&post=186118"},{"taxonomy":"post_tag","embeddable":true,"href":"https:\/\/diarioregionaldigital.com.br\/index.php?rest_route=%2Fwp%2Fv2%2Ftags&post=186118"}],"curies":[{"name":"wp","href":"https:\/\/api.w.org\/{rel}","templated":true}]}}