{"id":186115,"date":"2021-07-29T19:35:33","date_gmt":"2021-07-29T22:35:33","guid":{"rendered":"https:\/\/diarioregionaldigital.com.br\/?p=186115"},"modified":"2021-07-29T19:35:33","modified_gmt":"2021-07-29T22:35:33","slug":"rebeca-usa-pandemia-para-se-conectar-consigo-mesma-e-brilha-com-prata","status":"publish","type":"post","link":"https:\/\/diarioregionaldigital.com.br\/?p=186115","title":{"rendered":"Rebeca usa pandemia para se conectar consigo mesma e brilha com prata"},"content":{"rendered":"<p>O isolamento for\u00e7ado pela pandemia de covid-19 ajudou Rebeca Andrade n\u00e3o s\u00f3 a recuperar o joelho de uma cirurgia, mas tamb\u00e9m permitiu \u00e0 ginasta se conhecer melhor e fortalecer o lado emocional, que foi fundamental para sua hist\u00f3rica conquista da medalha de prata no individual geral dos Jogos de T\u00f3quio nesta quinta-feira (29).<\/p>\n<p>&#8220;Do ano passado para c\u00e1 eu consegui colocar em pr\u00e1tica a parte de n\u00e3o me sentir nervosa, de manter o controle, de conseguir fazer tudo o que eu fazia no treino. \u00c9 muito importante esse processo de me conhecer&#8221;, disse a ginasta ap\u00f3s conquistar a primeira medalha ol\u00edmpica da gin\u00e1stica feminina do Brasil, de acordo com o site do Time Brasil.<\/p>\n<p>&#8220;Na pandemia eu pude me cuidar, me conhecer melhor, saber o que era bom, o que era ruim. Eu me conectei comigo mesma, e hoje a gente v\u00ea o resultado disso\u201d, acrescentou.<\/p>\n<p>A prova foi marcada pela aus\u00eancia da norte-americana Simone Biles, favorita ao ouro, mas que desistiu de disputar a final ap\u00f3s se classificar com a melhor nota para se concentrar em sua sa\u00fade mental.<\/p>\n<p>Rebeca, de 22 anos, passou pela \u00faltima de tr\u00eas cirurgias no joelho em meados de 2019, ap\u00f3s romper o ligamento cruzado anterior do joelho pela terceira vez em quatro anos.<\/p>\n<p>As les\u00f5es se somaram a enormes desafios enfrentados pela ginasta desde a inf\u00e2ncia marcada por dificuldades financeiras.<\/p>\n<p>&#8220;Eu dormia na casa dos treinadores para eu conseguir, a minha m\u00e3e ia a p\u00e9 para me dar o dinheiro da condu\u00e7\u00e3o, meu irm\u00e3o me levava de bicicleta&#8221;, relembrou Rebeca, que fechou sua apresenta\u00e7\u00e3o no solo ao som de &#8220;Baile de Favela&#8221;.<\/p>\n<p>F\u00e3 de Daiane dos Santos, Rebeca disse que a primeira medalha da gin\u00e1stica feminina do Brasil representa todas as mulheres que passaram pela modalidade antes dela e podem tamb\u00e9m se sentir orgulhosas.<\/p>\n<p>A ginasta terminou a final em segundo lugar com a pontua\u00e7\u00e3o total de 57,298 &#8211;15,300 no salto, 14,666 nas barras assim\u00e9tricas, 13,666 na trave e 13,666 no solo. A norte-americana Sunisa Lee levou o ouro com 57,433 no total e a russa Angelina Melinkova ficou com o bronze com 57,199. Ela ainda ir\u00e1 disputar mais duas finais em T\u00f3quio, no salto e no solo.<\/p>\n<p>&#8220;Eu passei por muita coisa e coloquei esses Jogos como objetivo, mas o meu objetivo aqui era fazer o meu melhor, era brilhar, e eu acho que eu brilhei: consegui a nossa primeira medalha ol\u00edmpica em gin\u00e1stica art\u00edstica feminina\u201d, afirmou.<\/p>\n<p><span style=\"font-weight: 400;\">Fonte: Ag\u00eancia Brasil <\/span><\/p>\n","protected":false},"excerpt":{"rendered":"<p>O isolamento for\u00e7ado pela pandemia de covid-19 ajudou Rebeca Andrade n\u00e3o s\u00f3 a recuperar o joelho de uma cirurgia, mas tamb\u00e9m permitiu \u00e0 ginasta se conhecer melhor e fortalecer o lado emocional, que foi fundamental para sua hist\u00f3rica conquista da medalha de prata no individual geral dos Jogos de T\u00f3quio nesta quinta-feira (29). &#8220;Do ano [&hellip;]<\/p>\n","protected":false},"author":246,"featured_media":186116,"comment_status":"closed","ping_status":"closed","sticky":false,"template":"","format":"standard","meta":{"footnotes":""},"categories":[440,257,439],"tags":[],"class_list":["post-186115","post","type-post","status-publish","format-standard","has-post-thumbnail","hentry","category-destaques-do-dia","category-esporte","category-ultima-hora"],"_links":{"self":[{"href":"https:\/\/diarioregionaldigital.com.br\/index.php?rest_route=\/wp\/v2\/posts\/186115","targetHints":{"allow":["GET"]}}],"collection":[{"href":"https:\/\/diarioregionaldigital.com.br\/index.php?rest_route=\/wp\/v2\/posts"}],"about":[{"href":"https:\/\/diarioregionaldigital.com.br\/index.php?rest_route=\/wp\/v2\/types\/post"}],"author":[{"embeddable":true,"href":"https:\/\/diarioregionaldigital.com.br\/index.php?rest_route=\/wp\/v2\/users\/246"}],"replies":[{"embeddable":true,"href":"https:\/\/diarioregionaldigital.com.br\/index.php?rest_route=%2Fwp%2Fv2%2Fcomments&post=186115"}],"version-history":[{"count":1,"href":"https:\/\/diarioregionaldigital.com.br\/index.php?rest_route=\/wp\/v2\/posts\/186115\/revisions"}],"predecessor-version":[{"id":186117,"href":"https:\/\/diarioregionaldigital.com.br\/index.php?rest_route=\/wp\/v2\/posts\/186115\/revisions\/186117"}],"wp:featuredmedia":[{"embeddable":true,"href":"https:\/\/diarioregionaldigital.com.br\/index.php?rest_route=\/wp\/v2\/media\/186116"}],"wp:attachment":[{"href":"https:\/\/diarioregionaldigital.com.br\/index.php?rest_route=%2Fwp%2Fv2%2Fmedia&parent=186115"}],"wp:term":[{"taxonomy":"category","embeddable":true,"href":"https:\/\/diarioregionaldigital.com.br\/index.php?rest_route=%2Fwp%2Fv2%2Fcategories&post=186115"},{"taxonomy":"post_tag","embeddable":true,"href":"https:\/\/diarioregionaldigital.com.br\/index.php?rest_route=%2Fwp%2Fv2%2Ftags&post=186115"}],"curies":[{"name":"wp","href":"https:\/\/api.w.org\/{rel}","templated":true}]}}