{"id":186112,"date":"2021-07-29T19:29:47","date_gmt":"2021-07-29T22:29:47","guid":{"rendered":"https:\/\/diarioregionaldigital.com.br\/?p=186112"},"modified":"2021-07-29T19:29:47","modified_gmt":"2021-07-29T22:29:47","slug":"ministro-diz-que-governo-tem-adotado-medidas-para-garantir-energia","status":"publish","type":"post","link":"https:\/\/diarioregionaldigital.com.br\/?p=186112","title":{"rendered":"Ministro diz que governo tem adotado medidas para garantir energia"},"content":{"rendered":"<p>O ministro de Minas e Energia, Bento Albuquerque, voltou a afirmar hoje (28) que o pa\u00eds n\u00e3o corre risco de racionamento de energia ou de um apag\u00e3o el\u00e9trico devido \u00e0 grave crise h\u00eddrica. Segundo o ministro, desde o ano passado, quando se verificou uma redu\u00e7\u00e3o no volume de chuvas, o governo tem monitorado a situa\u00e7\u00e3o e adotado as medidas necess\u00e1rias para garantir o suprimento de energia.<img decoding=\"async\" src=\"https:\/\/agenciabrasil.ebc.com.br\/ebc.png?id=1416632&amp;o=node\" \/><img decoding=\"async\" src=\"https:\/\/agenciabrasil.ebc.com.br\/ebc.gif?id=1416632&amp;o=node\" \/><\/p>\n<p>\u201cN\u00e3o vai faltar energia. Estamos adotando medidas desde o ano passado, quando observamos que as aflu\u00eancias nas principais bacias hidrogr\u00e1ficas estavam muito baixas e depois quando terminou o per\u00edodo \u00famido em abril, verificamos que foi a pior crise com escassez h\u00eddrica da hist\u00f3ria do pa\u00eds, dos \u00faltimos 90, 100 anos. Mas isso n\u00e3o \u00e9 motivo de preocupa\u00e7\u00e3o para a sociedade\u201d, disse hoje o ministro.<\/p>\n<p>Bento Albuquerque disse que a pasta tem atuado em conjunto com outros atores, como governos estaduais, operadores do setor de energia e tamb\u00e9m o parlamento, para buscar sa\u00eddas para a crise no setor. Segundo o Operador Nacional do Sistema El\u00e9trico (ONS), o pa\u00eds passa pela \u201cpior crise hidrol\u00f3gica desde 1930\u201d. No final de junho, o governo editou uma\u00a0<a href=\"https:\/\/www.in.gov.br\/web\/dou\/-\/medida-provisoria-n-1.055-de-28-de-junho-de-2021-328509026\" target=\"_blank\" rel=\"noopener\">Medida Provis\u00f3ria (MP) 1.055\/21<\/a>\u00a0para criar a C\u00e2mara de Regras Excepcionais para Gest\u00e3o Hidroenerg\u00e9tica, a Creg.<\/p>\n<p>Entre as atribui\u00e7\u00f5es do grupo presidido por por Albuquerque, est\u00e1 determinar altera\u00e7\u00f5es na vaz\u00e3o dos reservat\u00f3rios das usinas hidrel\u00e9tricas do pa\u00eds, envolvendo defini\u00e7\u00f5es para limites de uso, armazenamento e vaz\u00e3o. Al\u00e9m do Minist\u00e9rio de Minas e Energia, participam da c\u00e2mara os minist\u00e9rios da Economia; da Infraestrutura; da Agricultura, Pecu\u00e1ria e Abastecimento; do Meio Ambiente; e do Desenvolvimento Regional.<\/p>\n<p>Albuquerque disse ainda que entre as a\u00e7\u00f5es que est\u00e3o sendo adotadas, est\u00e1 o uso de todas as fontes de energias dispon\u00edveis, como as termel\u00e9tricas, que tem um custo de acionamento mais caro. Nesta quarta-feira, o ministro participou da reinaugura\u00e7\u00e3o de uma dessas usinas, a Usina Termoel\u00e9trica (UTE) William Arjona, em Campo Grande (MS).<\/p>\n<p>\u201cVamos despachar todos os recursos que temos dentro do nosso sistema instalado no pa\u00eds. Vamos esperar at\u00e9 o final do ano quando entra o per\u00edodo \u00famido e vamos utilizar nossa matriz que \u00e9 muito diversificada\u201d, disse.<\/p>\n<p>Mais cedo, o ministro foi \u00e0 cidade de Corumb\u00e1 (MS), onde visitou ribeirinhos do Pantanal benefici\u00e1rios do Programa Ilumina Pantanal, no \u00e2mbito do Programa Luz para Todos.<\/p>\n<p>Na regi\u00e3o, est\u00e1 sendo implementado um programa de gera\u00e7\u00e3o de energia fotovoltaica, com armazenamento em baterias, o que possibilita a disponibiliza\u00e7\u00e3o da energia el\u00e9trica de forma ininterrupta.<\/p>\n<p>\u201cEu pude ver, n\u00e3o s\u00f3 a efic\u00e1cia desse programa em uma regi\u00e3o como \u00e9 o Pantanal matogrossense, mas tamb\u00e9m a inclus\u00e3o social que o programa oferece para as pessoas atendidas pelo programa, levando dignidade, cidadania, mas tamb\u00e9m perspectivas novas em suas vidas\u201d, afirmou o ministro.<\/p>\n<p>Ser\u00e3o atendidas 2.090 fam\u00edlias, com custo total de R$ 127 milh\u00f5es, sendo R$ 73 milh\u00f5es da Conta de Desenvolvimento Energ\u00e9tico (CDE) e R$ 51 milh\u00f5es da Energisa, companhia local de energia.<\/p>\n<p><span style=\"font-weight: 400;\">Fonte: Ag\u00eancia Brasil <\/span><\/p>\n","protected":false},"excerpt":{"rendered":"<p>O ministro de Minas e Energia, Bento Albuquerque, voltou a afirmar hoje (28) que o pa\u00eds n\u00e3o corre risco de racionamento de energia ou de um apag\u00e3o el\u00e9trico devido \u00e0 grave crise h\u00eddrica. Segundo o ministro, desde o ano passado, quando se verificou uma redu\u00e7\u00e3o no volume de chuvas, o governo tem monitorado a situa\u00e7\u00e3o [&hellip;]<\/p>\n","protected":false},"author":246,"featured_media":186113,"comment_status":"closed","ping_status":"closed","sticky":false,"template":"","format":"standard","meta":{"footnotes":""},"categories":[436,254,439],"tags":[],"class_list":["post-186112","post","type-post","status-publish","format-standard","has-post-thumbnail","hentry","category-destaque-da-semana","category-politica","category-ultima-hora"],"_links":{"self":[{"href":"https:\/\/diarioregionaldigital.com.br\/index.php?rest_route=\/wp\/v2\/posts\/186112","targetHints":{"allow":["GET"]}}],"collection":[{"href":"https:\/\/diarioregionaldigital.com.br\/index.php?rest_route=\/wp\/v2\/posts"}],"about":[{"href":"https:\/\/diarioregionaldigital.com.br\/index.php?rest_route=\/wp\/v2\/types\/post"}],"author":[{"embeddable":true,"href":"https:\/\/diarioregionaldigital.com.br\/index.php?rest_route=\/wp\/v2\/users\/246"}],"replies":[{"embeddable":true,"href":"https:\/\/diarioregionaldigital.com.br\/index.php?rest_route=%2Fwp%2Fv2%2Fcomments&post=186112"}],"version-history":[{"count":1,"href":"https:\/\/diarioregionaldigital.com.br\/index.php?rest_route=\/wp\/v2\/posts\/186112\/revisions"}],"predecessor-version":[{"id":186114,"href":"https:\/\/diarioregionaldigital.com.br\/index.php?rest_route=\/wp\/v2\/posts\/186112\/revisions\/186114"}],"wp:featuredmedia":[{"embeddable":true,"href":"https:\/\/diarioregionaldigital.com.br\/index.php?rest_route=\/wp\/v2\/media\/186113"}],"wp:attachment":[{"href":"https:\/\/diarioregionaldigital.com.br\/index.php?rest_route=%2Fwp%2Fv2%2Fmedia&parent=186112"}],"wp:term":[{"taxonomy":"category","embeddable":true,"href":"https:\/\/diarioregionaldigital.com.br\/index.php?rest_route=%2Fwp%2Fv2%2Fcategories&post=186112"},{"taxonomy":"post_tag","embeddable":true,"href":"https:\/\/diarioregionaldigital.com.br\/index.php?rest_route=%2Fwp%2Fv2%2Ftags&post=186112"}],"curies":[{"name":"wp","href":"https:\/\/api.w.org\/{rel}","templated":true}]}}