{"id":186108,"date":"2021-07-29T19:28:08","date_gmt":"2021-07-29T22:28:08","guid":{"rendered":"https:\/\/diarioregionaldigital.com.br\/?p=186108"},"modified":"2021-07-29T19:28:08","modified_gmt":"2021-07-29T22:28:08","slug":"ministerio-lanca-campanha-de-valorizacao-do-aleitamento-materno","status":"publish","type":"post","link":"https:\/\/diarioregionaldigital.com.br\/?p=186108","title":{"rendered":"Minist\u00e9rio lan\u00e7a campanha de valoriza\u00e7\u00e3o do aleitamento materno"},"content":{"rendered":"<p>O Minist\u00e9rio da Sa\u00fade lan\u00e7ou nesta quinta-feira (29) uma nova edi\u00e7\u00e3o da campanha de valoriza\u00e7\u00e3o do aleitamento materno. A iniciativa tem como tema Todos pela Amamenta\u00e7\u00e3o: \u00c9 Prote\u00e7\u00e3o para a Vida Inteira e visa sensibilizar a sociedade sobre a import\u00e2ncia dessa pr\u00e1tica.<\/p>\n<p>A campanha reafirma a relev\u00e2ncia do aleitamento materno durante os dois primeiros anos, ou mais. Nos primeiros seis meses, a recomenda\u00e7\u00e3o \u00e9 que o aleitamento materno seja a fonte exclusiva para do beb\u00ea.<\/p>\n<p>A pr\u00e1tica continua importante mesmo no cen\u00e1rio da pandemia de covid-19, diz o Minist\u00e9rio da Sa\u00fade, ao ressaltar que o aleitamento materno pode reduzir em at\u00e9 13% as taxas de mortalidade infantil nos primeiros cinco anos da crian\u00e7a.<\/p>\n<p>Entre 1986 e 2020, essa alternativa como fonte principal de alimenta\u00e7\u00e3o no primeiro ano de vida passou de 30% para 53,1%.<\/p>\n<p>De acordo com dados da Organiza\u00e7\u00e3o Pan-americana da Sa\u00fade (Opas), 40% das crian\u00e7as t\u00eam aleitamento materno no mundo. Na Am\u00e9rica Latina, menos da metade das crian\u00e7as mamam na primeira hora de vida.<img decoding=\"async\" src=\"https:\/\/agenciabrasil.ebc.com.br\/ebc.png?id=1416748&amp;o=node\" \/><img decoding=\"async\" src=\"https:\/\/agenciabrasil.ebc.com.br\/ebc.gif?id=1416748&amp;o=node\" \/><\/p>\n<p><strong>Doa\u00e7\u00e3o<\/strong><\/p>\n<p>Em maio, o Minist\u00e9rio da Sa\u00fade j\u00e1 havia lan\u00e7ado a campanha nacional de\u00a0<a href=\"https:\/\/agenciabrasil.ebc.com.br\/saude\/noticia\/2021-05\/saude-lanca-campanha-para-incentivar-doacao-de-leite-materno\" target=\"_blank\" rel=\"noopener\">est\u00edmulo \u00e0 doa\u00e7\u00e3o de leite matern<\/a>o. Conforme a pasta, essa pr\u00e1tica supre apenas 64% do que seria necess\u00e1rio para atender \u00e0 demanda.<\/p>\n<p>O Brasil conta com 222 bancos de leite materno e 220 pontos de coleta.<\/p>\n<p>No ano passado, foram doados 229 mil litros de leite materno por 182 mil mulheres. Esses n\u00fameros marcaram um aumento de 2,7% em rela\u00e7\u00e3o ao ano anterior.<\/p>\n<p><span style=\"font-weight: 400;\">Fonte: Ag\u00eancia Brasil <\/span><\/p>\n","protected":false},"excerpt":{"rendered":"<p>O Minist\u00e9rio da Sa\u00fade lan\u00e7ou nesta quinta-feira (29) uma nova edi\u00e7\u00e3o da campanha de valoriza\u00e7\u00e3o do aleitamento materno. A iniciativa tem como tema Todos pela Amamenta\u00e7\u00e3o: \u00c9 Prote\u00e7\u00e3o para a Vida Inteira e visa sensibilizar a sociedade sobre a import\u00e2ncia dessa pr\u00e1tica. A campanha reafirma a relev\u00e2ncia do aleitamento materno durante os dois primeiros anos, [&hellip;]<\/p>\n","protected":false},"author":246,"featured_media":186109,"comment_status":"closed","ping_status":"closed","sticky":false,"template":"","format":"standard","meta":{"footnotes":""},"categories":[436,254,439],"tags":[],"class_list":["post-186108","post","type-post","status-publish","format-standard","has-post-thumbnail","hentry","category-destaque-da-semana","category-politica","category-ultima-hora"],"_links":{"self":[{"href":"https:\/\/diarioregionaldigital.com.br\/index.php?rest_route=\/wp\/v2\/posts\/186108","targetHints":{"allow":["GET"]}}],"collection":[{"href":"https:\/\/diarioregionaldigital.com.br\/index.php?rest_route=\/wp\/v2\/posts"}],"about":[{"href":"https:\/\/diarioregionaldigital.com.br\/index.php?rest_route=\/wp\/v2\/types\/post"}],"author":[{"embeddable":true,"href":"https:\/\/diarioregionaldigital.com.br\/index.php?rest_route=\/wp\/v2\/users\/246"}],"replies":[{"embeddable":true,"href":"https:\/\/diarioregionaldigital.com.br\/index.php?rest_route=%2Fwp%2Fv2%2Fcomments&post=186108"}],"version-history":[{"count":2,"href":"https:\/\/diarioregionaldigital.com.br\/index.php?rest_route=\/wp\/v2\/posts\/186108\/revisions"}],"predecessor-version":[{"id":186111,"href":"https:\/\/diarioregionaldigital.com.br\/index.php?rest_route=\/wp\/v2\/posts\/186108\/revisions\/186111"}],"wp:featuredmedia":[{"embeddable":true,"href":"https:\/\/diarioregionaldigital.com.br\/index.php?rest_route=\/wp\/v2\/media\/186109"}],"wp:attachment":[{"href":"https:\/\/diarioregionaldigital.com.br\/index.php?rest_route=%2Fwp%2Fv2%2Fmedia&parent=186108"}],"wp:term":[{"taxonomy":"category","embeddable":true,"href":"https:\/\/diarioregionaldigital.com.br\/index.php?rest_route=%2Fwp%2Fv2%2Fcategories&post=186108"},{"taxonomy":"post_tag","embeddable":true,"href":"https:\/\/diarioregionaldigital.com.br\/index.php?rest_route=%2Fwp%2Fv2%2Ftags&post=186108"}],"curies":[{"name":"wp","href":"https:\/\/api.w.org\/{rel}","templated":true}]}}