{"id":186105,"date":"2021-07-29T19:22:04","date_gmt":"2021-07-29T22:22:04","guid":{"rendered":"https:\/\/diarioregionaldigital.com.br\/?p=186105"},"modified":"2021-07-29T19:22:04","modified_gmt":"2021-07-29T22:22:04","slug":"brasil-investe-r-34-bi-para-quintuplicar-producao-de-vacinas","status":"publish","type":"post","link":"https:\/\/diarioregionaldigital.com.br\/?p=186105","title":{"rendered":"Brasil investe R$ 3,4 bi para quintuplicar produ\u00e7\u00e3o de vacinas"},"content":{"rendered":"<p>Em pronunciamento de r\u00e1dio e TV nesta quarta-feira (28) o ministro da Sa\u00fade, Marcelo Queiroga, ressaltou as parcerias para transfer\u00eancia de tecnologia e produ\u00e7\u00e3o nacional de imunizantes contra a covid-19. O novo Complexo Econ\u00f4mico-Industrial da Sa\u00fade, respons\u00e1vel pela produ\u00e7\u00e3o da vacina brasileira, vai receber investimentos de R$ 3,4 bilh\u00f5es e \u201cquintuplicar nossa capacidade de produ\u00e7\u00e3o de vacinas e imunobiol\u00f3gicos\u201d.<img decoding=\"async\" src=\"https:\/\/agenciabrasil.ebc.com.br\/ebc.png?id=1416653&amp;o=node\" \/><img decoding=\"async\" src=\"https:\/\/agenciabrasil.ebc.com.br\/ebc.gif?id=1416653&amp;o=node\" \/><\/p>\n<p>Para evitar poss\u00edveis muta\u00e7\u00f5es do novo coronav\u00edrus, o ministro disse que foi estruturada uma \u201cs\u00f3lida rede nacional de vigil\u00e2ncia gen\u00f4mica, com base na Fiocruz [Funda\u00e7\u00e3o Oswaldo Cruz], e interc\u00e2mbio com outras redes internacionais\u201d.<\/p>\n<p>\u201cDestaco, em especial, a celebra\u00e7\u00e3o do contrato de transfer\u00eancia de tecnologia entre a Fiocruz e a AstraZeneca, que permitir\u00e1 a produ\u00e7\u00e3o completamente nacional das vacinas. Trata-se de um resultado tang\u00edvel da aposta exitosa do presidente Jair Bolsonaro na promo\u00e7\u00e3o do acesso de todos os brasileiros \u00e0 vacina\u201d, disse.<\/p>\n<p><strong>Imuniza\u00e7\u00e3o<\/strong><\/p>\n<p>Queiroga afirmou que toda a popula\u00e7\u00e3o adulta no Brasil estar\u00e1 vacinada com a primeira dose de vacina contra a covid-19 at\u00e9 setembro, e com a imuniza\u00e7\u00e3o completa, at\u00e9 dezembro. O pa\u00eds tem encomendadas mais de 600 milh\u00f5es de doses de imunizantes.<\/p>\n<p>O ministro voltou a falar da import\u00e2ncia da imuniza\u00e7\u00e3o completa. \u201cDirijo-me, em especial, aos brasileiros que est\u00e3o com a segunda dose em atraso: pe\u00e7o que busquem os postos de vacina\u00e7\u00e3o para tomar a segunda dose, pois sua imuniza\u00e7\u00e3o s\u00f3 estar\u00e1 completa ap\u00f3s a conclus\u00e3o do esquema vacinal.\u201d<\/p>\n<p>De acordo com dados do Minist\u00e9rio da Sa\u00fade, mais de 100 milh\u00f5es de brasileiros tomaram ao menos a primeira dose da vacina, o que equivale a 63% do p\u00fablico-alvo. Esse \u00edndice coloca o pa\u00eds na quarta posi\u00e7\u00e3o no ranking mundial de pessoas que tomaram a primeira dose e na quinta em rela\u00e7\u00e3o a pessoas totalmente imunizadas.<\/p>\n<p>O ministro afirmou que mais de 175 milh\u00f5es de doses foram entregues a todos os estados e o Distrito Federal, sendo 40 milh\u00f5es em julho. A previs\u00e3o \u00e9 que sejam entregues mais de 60 milh\u00f5es em agosto.<\/p>\n<p><strong>Repasses<\/strong><\/p>\n<p>Queiroga disse ainda que o Minist\u00e9rio da Sa\u00fade repassou aos estados e munic\u00edpios R$ 5,7 bilh\u00f5es em recursos extras para o enfrentamento da pandemia. Para o custeio de 25 mil leitos de unidade de terapia intensiva (UTI) foram disponibilizados mais R$ 4,7 bilh\u00f5es apenas em 2021.<br \/>\nForam enviados ainda mais de 35 milh\u00f5es de testes para detec\u00e7\u00e3o da covid-19, 21 milh\u00f5es de medicamentos do chamado &#8220;Kit Intuba\u00e7\u00e3o&#8221; e mais de 17 mil ventiladores pulmonares.<\/p>\n<p><span style=\"font-weight: 400;\">Fonte: Ag\u00eancia Brasil <\/span><\/p>\n","protected":false},"excerpt":{"rendered":"<p>Em pronunciamento de r\u00e1dio e TV nesta quarta-feira (28) o ministro da Sa\u00fade, Marcelo Queiroga, ressaltou as parcerias para transfer\u00eancia de tecnologia e produ\u00e7\u00e3o nacional de imunizantes contra a covid-19. O novo Complexo Econ\u00f4mico-Industrial da Sa\u00fade, respons\u00e1vel pela produ\u00e7\u00e3o da vacina brasileira, vai receber investimentos de R$ 3,4 bilh\u00f5es e \u201cquintuplicar nossa capacidade de produ\u00e7\u00e3o [&hellip;]<\/p>\n","protected":false},"author":246,"featured_media":186106,"comment_status":"closed","ping_status":"closed","sticky":false,"template":"","format":"standard","meta":{"footnotes":""},"categories":[436,254,439],"tags":[],"class_list":["post-186105","post","type-post","status-publish","format-standard","has-post-thumbnail","hentry","category-destaque-da-semana","category-politica","category-ultima-hora"],"_links":{"self":[{"href":"https:\/\/diarioregionaldigital.com.br\/index.php?rest_route=\/wp\/v2\/posts\/186105","targetHints":{"allow":["GET"]}}],"collection":[{"href":"https:\/\/diarioregionaldigital.com.br\/index.php?rest_route=\/wp\/v2\/posts"}],"about":[{"href":"https:\/\/diarioregionaldigital.com.br\/index.php?rest_route=\/wp\/v2\/types\/post"}],"author":[{"embeddable":true,"href":"https:\/\/diarioregionaldigital.com.br\/index.php?rest_route=\/wp\/v2\/users\/246"}],"replies":[{"embeddable":true,"href":"https:\/\/diarioregionaldigital.com.br\/index.php?rest_route=%2Fwp%2Fv2%2Fcomments&post=186105"}],"version-history":[{"count":1,"href":"https:\/\/diarioregionaldigital.com.br\/index.php?rest_route=\/wp\/v2\/posts\/186105\/revisions"}],"predecessor-version":[{"id":186107,"href":"https:\/\/diarioregionaldigital.com.br\/index.php?rest_route=\/wp\/v2\/posts\/186105\/revisions\/186107"}],"wp:featuredmedia":[{"embeddable":true,"href":"https:\/\/diarioregionaldigital.com.br\/index.php?rest_route=\/wp\/v2\/media\/186106"}],"wp:attachment":[{"href":"https:\/\/diarioregionaldigital.com.br\/index.php?rest_route=%2Fwp%2Fv2%2Fmedia&parent=186105"}],"wp:term":[{"taxonomy":"category","embeddable":true,"href":"https:\/\/diarioregionaldigital.com.br\/index.php?rest_route=%2Fwp%2Fv2%2Fcategories&post=186105"},{"taxonomy":"post_tag","embeddable":true,"href":"https:\/\/diarioregionaldigital.com.br\/index.php?rest_route=%2Fwp%2Fv2%2Ftags&post=186105"}],"curies":[{"name":"wp","href":"https:\/\/api.w.org\/{rel}","templated":true}]}}