{"id":186102,"date":"2021-07-29T19:19:02","date_gmt":"2021-07-29T22:19:02","guid":{"rendered":"https:\/\/diarioregionaldigital.com.br\/?p=186102"},"modified":"2021-07-29T19:19:02","modified_gmt":"2021-07-29T22:19:02","slug":"romeu-zema-acompanha-adesao-de-ipatinga-timoteo-e-jaguaracu-no-vale-do-aco-as-diretrizes-do-minas-livre-para-crescer","status":"publish","type":"post","link":"https:\/\/diarioregionaldigital.com.br\/?p=186102","title":{"rendered":"Romeu Zema acompanha ades\u00e3o de Ipatinga, Tim\u00f3teo e Jaguara\u00e7u, no Vale do A\u00e7o, \u00e0s diretrizes do Minas Livre para Crescer"},"content":{"rendered":"<p>O governador Romeu Zema acompanhou, nesta quinta-feira (29\/7), em Ipatinga, no Vale do A\u00e7o, a assinatura do decreto municipal de liberdade econ\u00f4mica das prefeituras de Ipatinga, Tim\u00f3teo e Jaguara\u00e7u. A iniciativa integra o\u00a0<a href=\"http:\/\/www.desenvolvimento.mg.gov.br\/application\/projetos\/projeto\/1062\" target=\"_blank\" rel=\"noopener\">Minas Livre Para Crescer<\/a>, programa estrat\u00e9gico da\u00a0<a href=\"http:\/\/www.desenvolvimento.mg.gov.br\/\" target=\"_blank\" rel=\"noopener\">Secretaria de Estado de Desenvolvimento Econ\u00f4mico (Sede)<\/a>\u00a0que visa \u00e0 diminui\u00e7\u00e3o da burocracia e dos custos para novos empreendimentos e, consequentemente, gera\u00e7\u00e3o de mais emprego e renda para a popula\u00e7\u00e3o mineira.<\/p>\n<p>Em Ipatinga, o governador tamb\u00e9m se reuniu com prefeitos da microrregi\u00e3o e acompanhou a vacina\u00e7\u00e3o contra a covid-19 no munic\u00edpio.<\/p>\n<p>Durante a cerim\u00f4nia de ades\u00e3o das cidades ao plano de desburocratiza\u00e7\u00e3o, o governador destacou que a simplifica\u00e7\u00e3o do ambiente de neg\u00f3cios em Minas Gerais garante novos investimentos e amplia\u00e7\u00e3o de outros.<\/p>\n<p>\u201cA nossa grande prioridade \u00e9 a cria\u00e7\u00e3o de empregos. Esse decreto possibilita que o empreendedor tenha mais agilidade, enfrente menos obst\u00e1culos junto ao setor p\u00fablico. As pessoas hoje t\u00eam dificuldade para ter\u00a0renda digna, condi\u00e7\u00f5es de colocar alimentos adequadamente na mesa. Esse decreto de liberdade econ\u00f4mica vem para mudar essa realidade\u201d, afirmou.<\/p>\n<p>Ao todo, 68 cidades mineiras j\u00e1 publicaram decreto pr\u00f3prio. Outras 54 est\u00e3o em processo de elabora\u00e7\u00e3o.<\/p>\n<p><strong>Atra\u00e7\u00e3o de investimentos<\/strong><\/p>\n<p>Zema tamb\u00e9m lembrou que, na gest\u00e3o atual, j\u00e1 s\u00e3o mais de R$ 129 bilh\u00f5es atra\u00eddos de empresas privadas. Isso garantiu a gera\u00e7\u00e3o de mais de 60 mil empregos diretos. \u201cMinas tem sido exemplo no Brasil na atra\u00e7\u00e3o de investimentos. Nesses 30 meses de governo, j\u00e1 trouxemos R$ 129 bilh\u00f5es em investimentos privados. O outro governo, em quatro anos, trouxe R$ 26 bilh\u00f5es. E teremos cada vez mais\u201d, disse.<\/p>\n<p>O programa Minas Livre para Crescer e as iniciativas municipais t\u00eam tornado o estado\u00a0mais seguro e f\u00e1cil de empreender, promovendo o aumento da seguran\u00e7a jur\u00eddica para os empres\u00e1rios, como explicou o secret\u00e1rio de Estado de Desenvolvimento Econ\u00f4mico, Fernando Passalio.<\/p>\n<p>\u201cAs prefeituras que aqui hoje assinam o decreto de liberdade econ\u00f4mica v\u00e3o dar um grande passo para a melhoria do ambiente de neg\u00f3cios nos munic\u00edpios. Quando voc\u00ea tem Estado e munic\u00edpios alinhados nesse prop\u00f3sito, \u00e9 poss\u00edvel tornar o ambiente prop\u00edcio para quem investe, desde um artes\u00e3o, um MEI (microempreendedor individual), uma pequena empresa, at\u00e9 os grandes empreendedores. Tudo isso prospera em gera\u00e7\u00e3o de riqueza, emprego e renda\u201d, enfatizou.<\/p>\n<p>Dentro das a\u00e7\u00f5es do Minas Livre para Crescer, 361 atos j\u00e1 foram revogados, entre decretos, portarias, resolu\u00e7\u00f5es, com o objetivo de desburocratizar e simplificar a vida do investidor desde o in\u00edcio da gest\u00e3o. Outras 701 atividades foram dispensadas de alvar\u00e1, tornando-se atividades livres.<\/p>\n<p><strong>Vale do A\u00e7o<\/strong><\/p>\n<p>O diretor-geral da\u00a0<a href=\"http:\/\/www.agenciarmva.mg.gov.br\/\" target=\"_blank\" rel=\"noopener\">Ag\u00eancia de Desenvolvimento da Regi\u00e3o Metropolitana do Vale do A\u00e7o<\/a>, Jo\u00e3o Luiz Teixeira Andrade, destacou a import\u00e2ncia da atual gest\u00e3o na atra\u00e7\u00e3o de investimentos para as cidades da regi\u00e3o.<\/p>\n<p>\u201cAcreditamos muito na parceria e descentraliza\u00e7\u00e3o das nossas a\u00e7\u00f5es. Cada munic\u00edpio \u00e9 protagonista de sua agenda de atra\u00e7\u00e3o de investimentos. Temos exemplo de empresas que se instalam em munic\u00edpios pequenos e se tornaram o principal empregador do munic\u00edpio\u201d, lembrou.<\/p>\n<p>O prefeito de Ipatinga, Gustavo Nunes, afirmou que a ades\u00e3o ao plano de liberdade econ\u00f4mica representa momento \u00edmpar para a hist\u00f3ria da cidade.<\/p>\n<p>\u201cEstar alinhado ao\u00a0<a href=\"http:\/\/www.mg.gov.br\/\" target=\"_blank\" rel=\"noopener\">Governo do Estado<\/a>\u00a0\u00e9 espl\u00eandido para um munic\u00edpio. Estamos lutando muito para desburocratizar Ipatinga e avan\u00e7amos a cada dia. Com a assinatura desse decreto, basicamente deixaremos livre o caminho para abertura de novas empresas, sem burocracia. Sem sombra de d\u00favidas,\u00a0isso gera emprego e renda\u201d, destacou.<\/p>\n<p><main class=\"clear margin-md-bottom-3\"><\/p>\n<div class=\"clear \">\n<p><strong>Vacina\u00e7\u00e3o<\/strong><\/p>\n<p>Ainda em Ipatinga, Romeu Zema acompanhou, junto com o secret\u00e1rio de Estado de\u00a0<a href=\"http:\/\/www.saude.mg.gov.br\/\" target=\"_blank\" rel=\"noopener\">Sa\u00fade<\/a>, o m\u00e9dico F\u00e1bio Baccheretti, a vacina\u00e7\u00e3o contra a covid-19 no munic\u00edpio. Ipatinga \u00e9 a cidade do Vale do A\u00e7o mais avan\u00e7ada em rela\u00e7\u00e3o \u00e0 cobertura vacinal com a primeira dose, atingindo 55% da popula\u00e7\u00e3o adulta.<\/p>\n<p>O governador refor\u00e7ou a import\u00e2ncia de se acelerar a imuniza\u00e7\u00e3o em todo o estado.<\/p>\n<p>\u201c\u00c9 a maior opera\u00e7\u00e3o de vacina\u00e7\u00e3o da hist\u00f3ria de Minas Gerais. Com uni\u00e3o de esfor\u00e7os entre Estado e munic\u00edpios, temos conseguido agilizar esse processo t\u00e3o importante. Querermos que at\u00e9 setembro todos os mineiros com mais de 18 anos estejam vacinados\u201d, disse.<\/p>\n<p>Das 16,6 milh\u00f5es de doses recebidas por Minas, 196.229 doses foram enviadas a Ipatinga, que j\u00e1 aplicou 89% delas. Mais de 116 mil pessoas residentes na cidade j\u00e1 receberam a primeira dose e 34.169 com a segunda dose. Outras 4.193 pessoas receberam a dose \u00fanica. Al\u00e9m dos drive-thrus especiais, a vacina\u00e7\u00e3o contra a covid-19 est\u00e1 acontecendo em todas as Unidades B\u00e1sicas de Sa\u00fade (UBSs)\u00a0do munic\u00edpio.<\/p>\n<p><span style=\"font-weight: 400;\">Fonte: Ag\u00eancia Minas <\/span><\/p>\n<\/div>\n<p><\/main><\/p>\n","protected":false},"excerpt":{"rendered":"<p>O governador Romeu Zema acompanhou, nesta quinta-feira (29\/7), em Ipatinga, no Vale do A\u00e7o, a assinatura do decreto municipal de liberdade econ\u00f4mica das prefeituras de Ipatinga, Tim\u00f3teo e Jaguara\u00e7u. A iniciativa integra o\u00a0Minas Livre Para Crescer, programa estrat\u00e9gico da\u00a0Secretaria de Estado de Desenvolvimento Econ\u00f4mico (Sede)\u00a0que visa \u00e0 diminui\u00e7\u00e3o da burocracia e dos custos para novos [&hellip;]<\/p>\n","protected":false},"author":246,"featured_media":186103,"comment_status":"closed","ping_status":"closed","sticky":false,"template":"","format":"standard","meta":{"footnotes":""},"categories":[440,254,439],"tags":[],"class_list":["post-186102","post","type-post","status-publish","format-standard","has-post-thumbnail","hentry","category-destaques-do-dia","category-politica","category-ultima-hora"],"_links":{"self":[{"href":"https:\/\/diarioregionaldigital.com.br\/index.php?rest_route=\/wp\/v2\/posts\/186102","targetHints":{"allow":["GET"]}}],"collection":[{"href":"https:\/\/diarioregionaldigital.com.br\/index.php?rest_route=\/wp\/v2\/posts"}],"about":[{"href":"https:\/\/diarioregionaldigital.com.br\/index.php?rest_route=\/wp\/v2\/types\/post"}],"author":[{"embeddable":true,"href":"https:\/\/diarioregionaldigital.com.br\/index.php?rest_route=\/wp\/v2\/users\/246"}],"replies":[{"embeddable":true,"href":"https:\/\/diarioregionaldigital.com.br\/index.php?rest_route=%2Fwp%2Fv2%2Fcomments&post=186102"}],"version-history":[{"count":1,"href":"https:\/\/diarioregionaldigital.com.br\/index.php?rest_route=\/wp\/v2\/posts\/186102\/revisions"}],"predecessor-version":[{"id":186104,"href":"https:\/\/diarioregionaldigital.com.br\/index.php?rest_route=\/wp\/v2\/posts\/186102\/revisions\/186104"}],"wp:featuredmedia":[{"embeddable":true,"href":"https:\/\/diarioregionaldigital.com.br\/index.php?rest_route=\/wp\/v2\/media\/186103"}],"wp:attachment":[{"href":"https:\/\/diarioregionaldigital.com.br\/index.php?rest_route=%2Fwp%2Fv2%2Fmedia&parent=186102"}],"wp:term":[{"taxonomy":"category","embeddable":true,"href":"https:\/\/diarioregionaldigital.com.br\/index.php?rest_route=%2Fwp%2Fv2%2Fcategories&post=186102"},{"taxonomy":"post_tag","embeddable":true,"href":"https:\/\/diarioregionaldigital.com.br\/index.php?rest_route=%2Fwp%2Fv2%2Ftags&post=186102"}],"curies":[{"name":"wp","href":"https:\/\/api.w.org\/{rel}","templated":true}]}}