{"id":186093,"date":"2021-07-29T18:55:01","date_gmt":"2021-07-29T21:55:01","guid":{"rendered":"https:\/\/diarioregionaldigital.com.br\/?p=186093"},"modified":"2021-07-29T18:55:01","modified_gmt":"2021-07-29T21:55:01","slug":"caged-brasil-gera-309-mil-empregos-formais-em-junho","status":"publish","type":"post","link":"https:\/\/diarioregionaldigital.com.br\/?p=186093","title":{"rendered":"Caged: Brasil gera 309 mil empregos formais em junho"},"content":{"rendered":"<p>O Brasil gerou 309.114 postos de trabalho em junho deste ano, resultado de 1.601.001 admiss\u00f5es e de 1.291.887 desligamentos de empregos com carteira assinada. No acumulado de 2021, o saldo positivo \u00e9 de 1.536.717 novos trabalhadores no mercado formal. Os dados s\u00e3o do Minist\u00e9rio da Economia, que divulgou hoje (29) as Estat\u00edsticas Mensais do Emprego Formal, o Novo Caged.<img decoding=\"async\" src=\"https:\/\/agenciabrasil.ebc.com.br\/ebc.png?id=1416706&amp;o=node\" \/><img decoding=\"async\" src=\"https:\/\/agenciabrasil.ebc.com.br\/ebc.gif?id=1416706&amp;o=node\" \/><\/p>\n<p>O estoque de empregos formais no pa\u00eds, que \u00e9 a quantidade total de v\u00ednculos celetistas ativos, chegou a 40.899.685, em junho, o que representa uma varia\u00e7\u00e3o de 0,76% em rela\u00e7\u00e3o ao m\u00eas anterior.<\/p>\n<p>De acordo com o ministro da Economia, Paulo Guedes, \u00e9 a primeira vez desde a crise de 2015 que o pa\u00eds ultrapassa o patamar de mais de 40 milh\u00f5es de postos formais de trabalho. Ele acredita que a retomada da economia brasileira e o retorno seguro ao trabalho continuar\u00e3o em ritmo acelerado com o avan\u00e7o da vacina\u00e7\u00e3o da popula\u00e7\u00e3o contra covid-19, em especial nos setores de servi\u00e7os e com\u00e9rcio, os mais afetados pelas medidas de enfrentamento \u00e0 crise sanit\u00e1ria.<\/p>\n<p>A pr\u00f3xima divulga\u00e7\u00e3o do Caged j\u00e1 deve acontecer sob o comando do ministro Onyx Lorenzoni, que vai assumir o Minist\u00e9rio do Trabalho e Previd\u00eancia, que est\u00e1 sendo recriado. Guedes destacou que a equipe da Secretaria Especial de Previd\u00eancia e Trabalho, que hoje est\u00e1 na Economia, seguir\u00e1 o trabalho na nova pasta.<\/p>\n<p>Segundo ele, o foco ser\u00e1 a gera\u00e7\u00e3o de oportunidades de trabalho aos jovens e formaliza\u00e7\u00e3o de cerca de 38 milh\u00f5es de trabalhadores informais que hoje recebem o aux\u00edlio emergencial do governo. Em breve, ainda de acordo com Guedes, ser\u00e3o lan\u00e7ados novos programas, como o servi\u00e7o social volunt\u00e1rio e os b\u00f4nus de inclus\u00e3o produtiva (BIP) e de incentivo \u00e0 qualifica\u00e7\u00e3o profissional (BIQ).<\/p>\n<p>\u201cTememos muito o efeito cicatriz, que \u00e9 a mutila\u00e7\u00e3o de uma gera\u00e7\u00e3o em fun\u00e7\u00e3o de uma pandemia dessa, j\u00e1 no setor educacional, j\u00e1 temos esse receio no setor educacional. E queremos, ent\u00e3o, acelerar a absor\u00e7\u00e3o desses jovens, seja com treinamento de qualifica\u00e7\u00e3o profissional, seja com servi\u00e7o social volunt\u00e1rio para que eles se preparem para o mercado formal de trabalho\u201d, disse o ministro, durante coletiva virtual para divulgar os dados do Caged.<\/p>\n<p>A expectativa \u00e9 que o BIP e o BIQ gerem cerca de 2 milh\u00f5es de empregos para jovens de 16 a 22 anos. As vagas dever\u00e3o ser de meia jornada de trabalho, com b\u00f4nus de meio sal\u00e1rio m\u00ednino. Parte do b\u00f4nus, o BIP, ser\u00e1 pago inicialmente com dinheiro p\u00fablico e depois com recursos do Sistema S, e a outra parte, o BIQ, pago pelo empregador.<\/p>\n<div class=\"dnd-widget-wrapper context-cheio_8colunas type-audio\">\n<div class=\"dnd-atom-rendered\">\n<div class=\"col-lg-12 shadow-sm sticky-element px-0 m-0 z-9\">\n<div class=\"rounded-lg\">\n<div class=\"player-wrapper bg-secondary\">\n<div id=\"mep_0\" class=\"mejs__container mejs__container-keyboard-inactive rounded-lg shadow-sm mejs__audio\" tabindex=\"0\" role=\"application\" aria-label=\"Audio Player\">\n<div class=\"mejs__inner\">\n<div class=\"mejs__controls\"><strong>Dados do emprego<\/strong><\/div>\n<\/div>\n<\/div>\n<\/div>\n<\/div>\n<\/div>\n<\/div>\n<\/div>\n<p>No m\u00eas passado, os dados apresentaram saldo positivo no n\u00edvel de emprego nos cinco grupamentos de atividades econ\u00f4micas: servi\u00e7os, com a cria\u00e7\u00e3o de 125.713 postos, distribu\u00eddos principalmente nas atividades de informa\u00e7\u00e3o, comunica\u00e7\u00e3o e atividades financeiras, imobili\u00e1rias, profissionais e administrativas; com\u00e9rcio, que criou 72.877 novos empregos; ind\u00fastria geral, saldo positivo de 50.145 postos, concentrados na ind\u00fastria de transforma\u00e7\u00e3o; agricultura, pecu\u00e1ria, produ\u00e7\u00e3o florestal, pesca e aquicultura, mais 38.005 postos de trabalho gerados; e constru\u00e7\u00e3o, que registrou 22.460 novos trabalhadores.<\/p>\n<p>Todas as regi\u00f5es do pa\u00eds tiveram saldo positivo na gera\u00e7\u00e3o de emprego, sendo que houve aumento de trabalho formal nas 27 unidades da Federa\u00e7\u00e3o. Em termos relativos, dos estados com maior varia\u00e7\u00e3o em rela\u00e7\u00e3o ao estoque do m\u00eas anterior, os destaques s\u00e3o para o Piau\u00ed, com a abertura de 4.597 postos, aumento de 1,5%; Alagoas que criou 4.651 novas vagas (1,36%); e Maranh\u00e3o, com saldo positivo de 6.745 postos (1,31%).<\/p>\n<p>Os estados com menor varia\u00e7\u00e3o relativa de empregos em junho, em rela\u00e7\u00e3o a maio, s\u00e3o Rio Grande do Sul, que teve cria\u00e7\u00e3o de 11.446 postos, aumento de 0,44%; Bahia, com saldo positivo de 7.604, alta de 0,43%; e Sergipe, que encerrou o m\u00eas passado com mais 1.107 postos de trabalho formal, crescimento de apenas 0,41%.<\/p>\n<p>Em todo o pa\u00eds, o sal\u00e1rio m\u00e9dio de admiss\u00e3o em junho de 2021 foi de R$ 1.806,29. Comparado ao m\u00eas anterior, houve redu\u00e7\u00e3o real de R$ 1,59 no sal\u00e1rio m\u00e9dio de admiss\u00e3o, uma varia\u00e7\u00e3o negativa de 0,09%.<\/p>\n<p>As estat\u00edsticas completas do Novo Caged est\u00e3o\u00a0<a href=\"http:\/\/pdet.mte.gov.br\/novo-caged\" target=\"_blank\" rel=\"noopener\">dispon\u00edveis na p\u00e1gina do Minist\u00e9rio da Economia<\/a>. Os dados tamb\u00e9m podem ser consultados no\u00a0<a href=\"https:\/\/app.powerbi.com\/view?r=eyJrIjoiNWI5NWI0ODEtYmZiYy00Mjg3LTkzNWUtY2UyYjIwMDE1YWI2IiwidCI6IjNlYzkyOTY5LTVhNTEtNGYxOC04YWM5LWVmOThmYmFmYTk3OCJ9\" target=\"_blank\" rel=\"noopener\">Painel de Informa\u00e7\u00f5es do Novo Caged<\/a>.<\/p>\n<p><span style=\"font-weight: 400;\">Fonte: Ag\u00eancia Brasil <\/span><\/p>\n","protected":false},"excerpt":{"rendered":"<p>O Brasil gerou 309.114 postos de trabalho em junho deste ano, resultado de 1.601.001 admiss\u00f5es e de 1.291.887 desligamentos de empregos com carteira assinada. No acumulado de 2021, o saldo positivo \u00e9 de 1.536.717 novos trabalhadores no mercado formal. Os dados s\u00e3o do Minist\u00e9rio da Economia, que divulgou hoje (29) as Estat\u00edsticas Mensais do Emprego [&hellip;]<\/p>\n","protected":false},"author":246,"featured_media":186094,"comment_status":"closed","ping_status":"closed","sticky":false,"template":"","format":"standard","meta":{"footnotes":""},"categories":[436,261,439],"tags":[],"class_list":["post-186093","post","type-post","status-publish","format-standard","has-post-thumbnail","hentry","category-destaque-da-semana","category-economia","category-ultima-hora"],"_links":{"self":[{"href":"https:\/\/diarioregionaldigital.com.br\/index.php?rest_route=\/wp\/v2\/posts\/186093","targetHints":{"allow":["GET"]}}],"collection":[{"href":"https:\/\/diarioregionaldigital.com.br\/index.php?rest_route=\/wp\/v2\/posts"}],"about":[{"href":"https:\/\/diarioregionaldigital.com.br\/index.php?rest_route=\/wp\/v2\/types\/post"}],"author":[{"embeddable":true,"href":"https:\/\/diarioregionaldigital.com.br\/index.php?rest_route=\/wp\/v2\/users\/246"}],"replies":[{"embeddable":true,"href":"https:\/\/diarioregionaldigital.com.br\/index.php?rest_route=%2Fwp%2Fv2%2Fcomments&post=186093"}],"version-history":[{"count":1,"href":"https:\/\/diarioregionaldigital.com.br\/index.php?rest_route=\/wp\/v2\/posts\/186093\/revisions"}],"predecessor-version":[{"id":186095,"href":"https:\/\/diarioregionaldigital.com.br\/index.php?rest_route=\/wp\/v2\/posts\/186093\/revisions\/186095"}],"wp:featuredmedia":[{"embeddable":true,"href":"https:\/\/diarioregionaldigital.com.br\/index.php?rest_route=\/wp\/v2\/media\/186094"}],"wp:attachment":[{"href":"https:\/\/diarioregionaldigital.com.br\/index.php?rest_route=%2Fwp%2Fv2%2Fmedia&parent=186093"}],"wp:term":[{"taxonomy":"category","embeddable":true,"href":"https:\/\/diarioregionaldigital.com.br\/index.php?rest_route=%2Fwp%2Fv2%2Fcategories&post=186093"},{"taxonomy":"post_tag","embeddable":true,"href":"https:\/\/diarioregionaldigital.com.br\/index.php?rest_route=%2Fwp%2Fv2%2Ftags&post=186093"}],"curies":[{"name":"wp","href":"https:\/\/api.w.org\/{rel}","templated":true}]}}