{"id":186082,"date":"2021-07-29T12:47:08","date_gmt":"2021-07-29T15:47:08","guid":{"rendered":"https:\/\/diarioregionaldigital.com.br\/?p=186082"},"modified":"2021-07-29T12:47:08","modified_gmt":"2021-07-29T15:47:08","slug":"minas-gerais-ultrapassa-a-marca-de-50-mil-obitos-por-covid-19-desde-o-inicio-da-pandemia","status":"publish","type":"post","link":"https:\/\/diarioregionaldigital.com.br\/?p=186082","title":{"rendered":"Minas Gerais ultrapassa a marca de 50 mil \u00f3bitos por Covid-19 desde o in\u00edcio da pandemia"},"content":{"rendered":"<div class=\"evo-entry-content entry-content\">\n<p>A Secretaria de Estado da Sa\u00fade de Minas Gerais (SES-MG), publicou nesta quinta-feira (29), o <a href=\"https:\/\/coronavirus.saude.mg.gov.br\/images\/2020\/08\/COVID-19_-_BOLETIM20210729_-_RETIFICADO.pdf\">novo boletim<\/a> referente ao Coronav\u00edrus. O levantamento aponta que o estado notificou mais 5.668 novos casos da doen\u00e7a, totalizando 1.954.421 pessoas infectadas. Os dados indicam que foram registradas mais 166 mortes, contabilizando 50.225 \u00f3bitos.<\/p>\n<p>Al\u00e9m disso, 1.847.242 pacientes est\u00e3o recuperados da doen\u00e7a, representando 93% dos casos. Quanto aos dados de hospitaliza\u00e7\u00e3o, 173.355 estiveram internados e 1.781.066 j\u00e1 fizeram isolamento domiciliar. At\u00e9 o momento, 9.831.414 pessoas receberam a primeira dose da vacina, 3.463.401 pessoas receberam a segunda dose e 393.777 receberam a dose \u00fanica da vacina.<\/p>\n<\/div>\n<div class=\"evo-single-footer\">\n<div class=\"evo-post-directions\">\n<div class=\"evo-post-directions-inner\">\n<div class=\"evo-prev-post\"><\/div>\n<\/div>\n<\/div>\n<\/div>\n","protected":false},"excerpt":{"rendered":"<p>A Secretaria de Estado da Sa\u00fade de Minas Gerais (SES-MG), publicou nesta quinta-feira (29), o novo boletim referente ao Coronav\u00edrus. O levantamento aponta que o estado notificou mais 5.668 novos casos da doen\u00e7a, totalizando 1.954.421 pessoas infectadas. Os dados indicam que foram registradas mais 166 mortes, contabilizando 50.225 \u00f3bitos. Al\u00e9m disso, 1.847.242 pacientes est\u00e3o recuperados [&hellip;]<\/p>\n","protected":false},"author":246,"featured_media":186083,"comment_status":"closed","ping_status":"closed","sticky":false,"template":"","format":"standard","meta":{"footnotes":""},"categories":[252],"tags":[],"class_list":["post-186082","post","type-post","status-publish","format-standard","has-post-thumbnail","hentry","category-regiao"],"_links":{"self":[{"href":"https:\/\/diarioregionaldigital.com.br\/index.php?rest_route=\/wp\/v2\/posts\/186082","targetHints":{"allow":["GET"]}}],"collection":[{"href":"https:\/\/diarioregionaldigital.com.br\/index.php?rest_route=\/wp\/v2\/posts"}],"about":[{"href":"https:\/\/diarioregionaldigital.com.br\/index.php?rest_route=\/wp\/v2\/types\/post"}],"author":[{"embeddable":true,"href":"https:\/\/diarioregionaldigital.com.br\/index.php?rest_route=\/wp\/v2\/users\/246"}],"replies":[{"embeddable":true,"href":"https:\/\/diarioregionaldigital.com.br\/index.php?rest_route=%2Fwp%2Fv2%2Fcomments&post=186082"}],"version-history":[{"count":1,"href":"https:\/\/diarioregionaldigital.com.br\/index.php?rest_route=\/wp\/v2\/posts\/186082\/revisions"}],"predecessor-version":[{"id":186084,"href":"https:\/\/diarioregionaldigital.com.br\/index.php?rest_route=\/wp\/v2\/posts\/186082\/revisions\/186084"}],"wp:featuredmedia":[{"embeddable":true,"href":"https:\/\/diarioregionaldigital.com.br\/index.php?rest_route=\/wp\/v2\/media\/186083"}],"wp:attachment":[{"href":"https:\/\/diarioregionaldigital.com.br\/index.php?rest_route=%2Fwp%2Fv2%2Fmedia&parent=186082"}],"wp:term":[{"taxonomy":"category","embeddable":true,"href":"https:\/\/diarioregionaldigital.com.br\/index.php?rest_route=%2Fwp%2Fv2%2Fcategories&post=186082"},{"taxonomy":"post_tag","embeddable":true,"href":"https:\/\/diarioregionaldigital.com.br\/index.php?rest_route=%2Fwp%2Fv2%2Ftags&post=186082"}],"curies":[{"name":"wp","href":"https:\/\/api.w.org\/{rel}","templated":true}]}}