{"id":185936,"date":"2021-07-27T11:35:48","date_gmt":"2021-07-27T14:35:48","guid":{"rendered":"https:\/\/diarioregionaldigital.com.br\/?p=185936"},"modified":"2021-07-27T11:39:06","modified_gmt":"2021-07-27T14:39:06","slug":"policia-militar-prende-autores-por-trafico-de-drogas-no-bairro-esplanada","status":"publish","type":"post","link":"https:\/\/diarioregionaldigital.com.br\/?p=185936","title":{"rendered":"Pol\u00edcia Militar prende autores por tr\u00e1fico de drogas no bairro Esplanada"},"content":{"rendered":"<p>Na noite de segunda-feira, 26jul21 por volta das 22h00min, durante patrulhamento da Pol\u00edcia Militar na Avenida Olavo Bilac no bairro Esplanada, dois suspeitos foram abordados, sendo localizado com o homem de 42 anos uma por\u00e7\u00e3o de maconha. Durante as buscas na resid\u00eancia foram localizados e apreendidos: diversos potes de fertilizantes, 03 placas de LED, 01 climatizador, 02 lumin\u00e1rias, 01 medidor de PH, 01 balan\u00e7a de precis\u00e3o, diversos vasos pl\u00e1sticos usados para o cultivo de plantas, duas facas, 01 aparelho celular, R$ 65,00 em dinheiro, 02 potes com mistura para droga, 01 pote contendo sementes de cannabis sativa e sacos pl\u00e1sticos contendo maconha. Realizadas as buscas domiciliares na casa do segundo autor, um homem de 23 anos, na Rua Adelaide Maria no bairro Eldorado, foram localizados e apreendidas: 01 por\u00e7\u00e3o de maconha e 02 por\u00e7\u00f5es de haxixe. Autores presos em flagrante e conduzidos \u00e0 Delegacia.<\/p>\n","protected":false},"excerpt":{"rendered":"<p>Na noite de segunda-feira, 26jul21 por volta das 22h00min, durante patrulhamento da Pol\u00edcia Militar na Avenida Olavo Bilac no bairro Esplanada, dois suspeitos foram abordados, sendo localizado com o homem de 42 anos uma por\u00e7\u00e3o de maconha. Durante as buscas na resid\u00eancia foram localizados e apreendidos: diversos potes de fertilizantes, 03 placas de LED, 01 [&hellip;]<\/p>\n","protected":false},"author":246,"featured_media":185940,"comment_status":"closed","ping_status":"closed","sticky":false,"template":"","format":"standard","meta":{"footnotes":""},"categories":[301,1229,439],"tags":[],"class_list":["post-185936","post","type-post","status-publish","format-standard","has-post-thumbnail","hentry","category-artigos-policiais","category-policial","category-ultima-hora"],"_links":{"self":[{"href":"https:\/\/diarioregionaldigital.com.br\/index.php?rest_route=\/wp\/v2\/posts\/185936","targetHints":{"allow":["GET"]}}],"collection":[{"href":"https:\/\/diarioregionaldigital.com.br\/index.php?rest_route=\/wp\/v2\/posts"}],"about":[{"href":"https:\/\/diarioregionaldigital.com.br\/index.php?rest_route=\/wp\/v2\/types\/post"}],"author":[{"embeddable":true,"href":"https:\/\/diarioregionaldigital.com.br\/index.php?rest_route=\/wp\/v2\/users\/246"}],"replies":[{"embeddable":true,"href":"https:\/\/diarioregionaldigital.com.br\/index.php?rest_route=%2Fwp%2Fv2%2Fcomments&post=185936"}],"version-history":[{"count":1,"href":"https:\/\/diarioregionaldigital.com.br\/index.php?rest_route=\/wp\/v2\/posts\/185936\/revisions"}],"predecessor-version":[{"id":185938,"href":"https:\/\/diarioregionaldigital.com.br\/index.php?rest_route=\/wp\/v2\/posts\/185936\/revisions\/185938"}],"wp:featuredmedia":[{"embeddable":true,"href":"https:\/\/diarioregionaldigital.com.br\/index.php?rest_route=\/wp\/v2\/media\/185940"}],"wp:attachment":[{"href":"https:\/\/diarioregionaldigital.com.br\/index.php?rest_route=%2Fwp%2Fv2%2Fmedia&parent=185936"}],"wp:term":[{"taxonomy":"category","embeddable":true,"href":"https:\/\/diarioregionaldigital.com.br\/index.php?rest_route=%2Fwp%2Fv2%2Fcategories&post=185936"},{"taxonomy":"post_tag","embeddable":true,"href":"https:\/\/diarioregionaldigital.com.br\/index.php?rest_route=%2Fwp%2Fv2%2Ftags&post=185936"}],"curies":[{"name":"wp","href":"https:\/\/api.w.org\/{rel}","templated":true}]}}