{"id":185930,"date":"2021-07-27T08:58:19","date_gmt":"2021-07-27T11:58:19","guid":{"rendered":"https:\/\/diarioregionaldigital.com.br\/?p=185930"},"modified":"2021-07-27T08:58:19","modified_gmt":"2021-07-27T11:58:19","slug":"minas-gerais-ultrapassa-a-marca-de-1-milhao-e-900-mil-notificacoes-por-covid-19","status":"publish","type":"post","link":"https:\/\/diarioregionaldigital.com.br\/?p=185930","title":{"rendered":"Minas Gerais ultrapassa a marca de 1 milh\u00e3o e 900 mil notifica\u00e7\u00f5es por Covid-19"},"content":{"rendered":"<div class=\"evo-entry-content entry-content\">\n<p>A Secretaria de Estado da Sa\u00fade de Minas Gerais (SES-MG), publicou nesta segunda-feira (27), o novo <a href=\"https:\/\/coronavirus.saude.mg.gov.br\/images\/2020\/07\/COVID-19_-_BOLETIM20210726.pdf\">boletim<\/a> referente ao Coronav\u00edrus. O levantamento aponta que o estado notificou mais 1.199 novos casos da doen\u00e7a, totalizando 1.937.490 pessoas infectadas. Os dados indicam que foram registradas mais 37 mortes, contabilizando 49.869 \u00f3bitos.<\/p>\n<p>Al\u00e9m disso, 1.828.771 pacientes est\u00e3o recuperados da doen\u00e7a, representando 91,9 % dos casos. Quanto aos dados de hospitaliza\u00e7\u00e3o, 172.003 estiveram internados e 1.765.487 estiveram em isolamento domiciliar. At\u00e9 o momento, 9.359.777 pessoas receberam a primeira dose da vacina, 3.210.317 pessoass a segunda e 342.363 tomaram a dose \u00fanica.<\/p>\n<\/div>\n<div class=\"evo-single-footer\">\n<div class=\"evo-post-directions\">\n<div class=\"evo-post-directions-inner\">\n<div class=\"evo-prev-post\"><\/div>\n<\/div>\n<\/div>\n<\/div>\n","protected":false},"excerpt":{"rendered":"<p>A Secretaria de Estado da Sa\u00fade de Minas Gerais (SES-MG), publicou nesta segunda-feira (27), o novo boletim referente ao Coronav\u00edrus. O levantamento aponta que o estado notificou mais 1.199 novos casos da doen\u00e7a, totalizando 1.937.490 pessoas infectadas. Os dados indicam que foram registradas mais 37 mortes, contabilizando 49.869 \u00f3bitos. Al\u00e9m disso, 1.828.771 pacientes est\u00e3o recuperados [&hellip;]<\/p>\n","protected":false},"author":246,"featured_media":185931,"comment_status":"closed","ping_status":"closed","sticky":false,"template":"","format":"standard","meta":{"footnotes":""},"categories":[252],"tags":[],"class_list":["post-185930","post","type-post","status-publish","format-standard","has-post-thumbnail","hentry","category-regiao"],"_links":{"self":[{"href":"https:\/\/diarioregionaldigital.com.br\/index.php?rest_route=\/wp\/v2\/posts\/185930","targetHints":{"allow":["GET"]}}],"collection":[{"href":"https:\/\/diarioregionaldigital.com.br\/index.php?rest_route=\/wp\/v2\/posts"}],"about":[{"href":"https:\/\/diarioregionaldigital.com.br\/index.php?rest_route=\/wp\/v2\/types\/post"}],"author":[{"embeddable":true,"href":"https:\/\/diarioregionaldigital.com.br\/index.php?rest_route=\/wp\/v2\/users\/246"}],"replies":[{"embeddable":true,"href":"https:\/\/diarioregionaldigital.com.br\/index.php?rest_route=%2Fwp%2Fv2%2Fcomments&post=185930"}],"version-history":[{"count":2,"href":"https:\/\/diarioregionaldigital.com.br\/index.php?rest_route=\/wp\/v2\/posts\/185930\/revisions"}],"predecessor-version":[{"id":185933,"href":"https:\/\/diarioregionaldigital.com.br\/index.php?rest_route=\/wp\/v2\/posts\/185930\/revisions\/185933"}],"wp:featuredmedia":[{"embeddable":true,"href":"https:\/\/diarioregionaldigital.com.br\/index.php?rest_route=\/wp\/v2\/media\/185931"}],"wp:attachment":[{"href":"https:\/\/diarioregionaldigital.com.br\/index.php?rest_route=%2Fwp%2Fv2%2Fmedia&parent=185930"}],"wp:term":[{"taxonomy":"category","embeddable":true,"href":"https:\/\/diarioregionaldigital.com.br\/index.php?rest_route=%2Fwp%2Fv2%2Fcategories&post=185930"},{"taxonomy":"post_tag","embeddable":true,"href":"https:\/\/diarioregionaldigital.com.br\/index.php?rest_route=%2Fwp%2Fv2%2Ftags&post=185930"}],"curies":[{"name":"wp","href":"https:\/\/api.w.org\/{rel}","templated":true}]}}