{"id":185906,"date":"2021-07-26T07:52:48","date_gmt":"2021-07-26T10:52:48","guid":{"rendered":"https:\/\/diarioregionaldigital.com.br\/?p=185906"},"modified":"2021-07-26T07:52:48","modified_gmt":"2021-07-26T10:52:48","slug":"pjf-realiza-reuniao-com-representantes-da-feira-da-pechincha","status":"publish","type":"post","link":"https:\/\/diarioregionaldigital.com.br\/?p=185906","title":{"rendered":"PJF realiza reuni\u00e3o com representantes da Feira da Pechincha"},"content":{"rendered":"<p>A Secretaria de Sustentabilidade em Meio Ambiente e Atividades Urbanas (Sesmaur) realizou, na \u00faltima quinta-feira, 22, reuni\u00e3o com representantes da Feira da Pechincha a fim de apresentar o resultado da pesquisa realizada pela Prefeitura para a identifica\u00e7\u00e3o do perfil dos feirantes.<\/p>\n<p>Segundo informa\u00e7\u00f5es do site da Prefeitura de Juiz de Fora, o encontro organizado pelo Grupo de Trabalho coordenado pela secretaria de Sustentabilidade em Meio Ambiente e Atividades Urbanas (Sesmaur) e envolve mais oito pastas, al\u00e9m da Ag\u00eancia de Prote\u00e7\u00e3o e Defesa do Consumidor de Juiz de Fora (Procon\/JF) Durante a apresenta\u00e7\u00e3o, que contou com a participa\u00e7\u00e3o da secret\u00e1ria de Governo, Cidinha Louzada, e do secret\u00e1rio especial de Direitos Humanos, Biel Rocha, foram discutidas propostas para melhor organiza\u00e7\u00e3o e aproveitamento dos espa\u00e7os, levando em considera\u00e7\u00e3o, a diversidade dos grupos e a estrutura dos neg\u00f3cios. \u201cA inten\u00e7\u00e3o da PJF \u00e9 encontrar a melhor solu\u00e7\u00e3o para a regulariza\u00e7\u00e3o, valorizando e atendendo as necessidades dos empreendedores, de forma distributiva, que beneficie os mais estruturados e tradicionais, como tamb\u00e9m aqueles que precisam, inclusive, de um apoio social\u201d, ressaltou Aline Junqueira, titular da Sesmaur.<\/p>\n<p><b>Cadastramento<\/b><\/p>\n<p>De 28 de maio a 7 de julho aconteceu o cadastramento que teve a ades\u00e3o de 468 feirantes da Pechincha e 706 ambulantes. As informa\u00e7\u00f5es levantadas ir\u00e3o auxiliar o Executivo Municipal no planejamento, reorganiza\u00e7\u00e3o e revis\u00e3o legislativa para regulariza\u00e7\u00e3o das atividades.<\/p>\n","protected":false},"excerpt":{"rendered":"<p>A Secretaria de Sustentabilidade em Meio Ambiente e Atividades Urbanas (Sesmaur) realizou, na \u00faltima quinta-feira, 22, reuni\u00e3o com representantes da Feira da Pechincha a fim de apresentar o resultado da pesquisa realizada pela Prefeitura para a identifica\u00e7\u00e3o do perfil dos feirantes. Segundo informa\u00e7\u00f5es do site da Prefeitura de Juiz de Fora, o encontro organizado pelo [&hellip;]<\/p>\n","protected":false},"author":246,"featured_media":185907,"comment_status":"closed","ping_status":"closed","sticky":false,"template":"","format":"standard","meta":{"footnotes":""},"categories":[253,440,439],"tags":[],"class_list":["post-185906","post","type-post","status-publish","format-standard","has-post-thumbnail","hentry","category-cidade","category-destaques-do-dia","category-ultima-hora"],"_links":{"self":[{"href":"https:\/\/diarioregionaldigital.com.br\/index.php?rest_route=\/wp\/v2\/posts\/185906","targetHints":{"allow":["GET"]}}],"collection":[{"href":"https:\/\/diarioregionaldigital.com.br\/index.php?rest_route=\/wp\/v2\/posts"}],"about":[{"href":"https:\/\/diarioregionaldigital.com.br\/index.php?rest_route=\/wp\/v2\/types\/post"}],"author":[{"embeddable":true,"href":"https:\/\/diarioregionaldigital.com.br\/index.php?rest_route=\/wp\/v2\/users\/246"}],"replies":[{"embeddable":true,"href":"https:\/\/diarioregionaldigital.com.br\/index.php?rest_route=%2Fwp%2Fv2%2Fcomments&post=185906"}],"version-history":[{"count":1,"href":"https:\/\/diarioregionaldigital.com.br\/index.php?rest_route=\/wp\/v2\/posts\/185906\/revisions"}],"predecessor-version":[{"id":185908,"href":"https:\/\/diarioregionaldigital.com.br\/index.php?rest_route=\/wp\/v2\/posts\/185906\/revisions\/185908"}],"wp:featuredmedia":[{"embeddable":true,"href":"https:\/\/diarioregionaldigital.com.br\/index.php?rest_route=\/wp\/v2\/media\/185907"}],"wp:attachment":[{"href":"https:\/\/diarioregionaldigital.com.br\/index.php?rest_route=%2Fwp%2Fv2%2Fmedia&parent=185906"}],"wp:term":[{"taxonomy":"category","embeddable":true,"href":"https:\/\/diarioregionaldigital.com.br\/index.php?rest_route=%2Fwp%2Fv2%2Fcategories&post=185906"},{"taxonomy":"post_tag","embeddable":true,"href":"https:\/\/diarioregionaldigital.com.br\/index.php?rest_route=%2Fwp%2Fv2%2Ftags&post=185906"}],"curies":[{"name":"wp","href":"https:\/\/api.w.org\/{rel}","templated":true}]}}