{"id":185903,"date":"2021-07-26T07:48:40","date_gmt":"2021-07-26T10:48:40","guid":{"rendered":"https:\/\/diarioregionaldigital.com.br\/?p=185903"},"modified":"2021-07-26T07:48:40","modified_gmt":"2021-07-26T10:48:40","slug":"toquio-gustavo-tsuboi-avanca-a-terceira-rodada-do-tenis-de-mesa","status":"publish","type":"post","link":"https:\/\/diarioregionaldigital.com.br\/?p=185903","title":{"rendered":"T\u00f3quio: Gustavo Tsuboi avan\u00e7a \u00e0 terceira rodada do t\u00eanis de mesa"},"content":{"rendered":"<p>Gustavo Tsuboi (37\u00b0 do mundo) venceu o romeno Ovidiu Ionescu por 4 sets a 1 (com parciais de 11\/6, 9\/11, 13\/11, 11\/9 e 11\/9) pela\u00a0segunda\u00a0rodada do torneio ol\u00edmpico de t\u00eanis de mesa. O jogo ocorreu na madrugada deste\u00a0domingo\u00a0(25), no Gin\u00e1sio Metropolitano de T\u00f3quio.<img decoding=\"async\" src=\"https:\/\/agenciabrasil.ebc.com.br\/ebc.png?id=1416346&amp;o=node\" \/><img decoding=\"async\" src=\"https:\/\/agenciabrasil.ebc.com.br\/ebc.gif?id=1416346&amp;o=node\" \/><\/p>\n<p>Agora, na rodada 3 do torneio, o atleta, que esta na\u00a0quarta\u00a0participa\u00e7\u00e3o em Jogos,\u00a0ter\u00e1 pela frente o nigeriano Quadri Aruna (21\u00b0 do mundo), na noite desta\u00a0segunda-feira 926). Se avan\u00e7ar, o brasileiro, que j\u00e1 garantiu a melhor coloca\u00e7\u00e3o pessoal na hist\u00f3ria ol\u00edmpica, igualar\u00e1 Hugo Calderano e Hugo Hoyama, com a melhor campanha de um atleta brasileiro em Jogos Ol\u00edmpicos.<\/p>\n<p>\u201cAinda n\u00e3o pensei muito no jogo de amanh\u00e3. Tenho um probleminha no ombro, preciso me recuperar. J\u00e1 enfrentei ele h\u00e1 muito tempo atr\u00e1s, mas ele evoluiu muito, n\u00e3o por acaso est\u00e1 entre os 20 melhores do mundo. \u00c9 um atleta muito experiente, muito forte, vou fazer o meu melhor. Me dediquei muito para estar aqui e ganhar essa vaga. Foram muitos sacrif\u00edcios e quero desfrutar deste momento. E, com certeza, a luta e ra\u00e7a n\u00e3o v\u00e3o faltar&#8221;, disse o atleta \u00e0 assessoria da Confedera\u00e7\u00e3o Brasileira de T\u00eanis de Mesa (CBTM).<\/p>\n<p>No torneio individual feminino, Bruna Takahashi foi superada pela a francesa Yuan Jia Nan por 4 a 0 (8\/11, 7\/11, 6\/11 e 8\/11), tamb\u00e9m na madrugada deste\u00a0domingo. \u201cEu entrei um pouco mais lenta do que o normal. \u00c9 Olimp\u00edada, bem ou mal d\u00e1 aquele frio na barriga. Mas estava me sentindo bem, tentei dar o meu m\u00e1ximo. S\u00f3 que ela j\u00e1 teve dois ou tr\u00eas jogos anteriores e n\u00e3o estranhou quase nada. Eu estava estranhando a luz, o ambiente. Mas isso n\u00e3o \u00e9 desculpa, apenas demorei um pouco mais para me adaptar por conta disso. Nos dois \u00faltimos sets, estava me sentindo melhor, mas j\u00e1 tinha passado metade do jogo. Tenho ainda a disputa por equipes, tenho que continuar treinando\u201d. comentou a mesatenista.<\/p>\n<p><span style=\"font-weight: 400;\">Fonte: Ag\u00eancia Brasil <\/span><\/p>\n","protected":false},"excerpt":{"rendered":"<p>Gustavo Tsuboi (37\u00b0 do mundo) venceu o romeno Ovidiu Ionescu por 4 sets a 1 (com parciais de 11\/6, 9\/11, 13\/11, 11\/9 e 11\/9) pela\u00a0segunda\u00a0rodada do torneio ol\u00edmpico de t\u00eanis de mesa. O jogo ocorreu na madrugada deste\u00a0domingo\u00a0(25), no Gin\u00e1sio Metropolitano de T\u00f3quio. Agora, na rodada 3 do torneio, o atleta, que esta na\u00a0quarta\u00a0participa\u00e7\u00e3o em [&hellip;]<\/p>\n","protected":false},"author":246,"featured_media":185904,"comment_status":"closed","ping_status":"closed","sticky":false,"template":"","format":"standard","meta":{"footnotes":""},"categories":[436,257,439],"tags":[],"class_list":["post-185903","post","type-post","status-publish","format-standard","has-post-thumbnail","hentry","category-destaque-da-semana","category-esporte","category-ultima-hora"],"_links":{"self":[{"href":"https:\/\/diarioregionaldigital.com.br\/index.php?rest_route=\/wp\/v2\/posts\/185903","targetHints":{"allow":["GET"]}}],"collection":[{"href":"https:\/\/diarioregionaldigital.com.br\/index.php?rest_route=\/wp\/v2\/posts"}],"about":[{"href":"https:\/\/diarioregionaldigital.com.br\/index.php?rest_route=\/wp\/v2\/types\/post"}],"author":[{"embeddable":true,"href":"https:\/\/diarioregionaldigital.com.br\/index.php?rest_route=\/wp\/v2\/users\/246"}],"replies":[{"embeddable":true,"href":"https:\/\/diarioregionaldigital.com.br\/index.php?rest_route=%2Fwp%2Fv2%2Fcomments&post=185903"}],"version-history":[{"count":1,"href":"https:\/\/diarioregionaldigital.com.br\/index.php?rest_route=\/wp\/v2\/posts\/185903\/revisions"}],"predecessor-version":[{"id":185905,"href":"https:\/\/diarioregionaldigital.com.br\/index.php?rest_route=\/wp\/v2\/posts\/185903\/revisions\/185905"}],"wp:featuredmedia":[{"embeddable":true,"href":"https:\/\/diarioregionaldigital.com.br\/index.php?rest_route=\/wp\/v2\/media\/185904"}],"wp:attachment":[{"href":"https:\/\/diarioregionaldigital.com.br\/index.php?rest_route=%2Fwp%2Fv2%2Fmedia&parent=185903"}],"wp:term":[{"taxonomy":"category","embeddable":true,"href":"https:\/\/diarioregionaldigital.com.br\/index.php?rest_route=%2Fwp%2Fv2%2Fcategories&post=185903"},{"taxonomy":"post_tag","embeddable":true,"href":"https:\/\/diarioregionaldigital.com.br\/index.php?rest_route=%2Fwp%2Fv2%2Ftags&post=185903"}],"curies":[{"name":"wp","href":"https:\/\/api.w.org\/{rel}","templated":true}]}}