{"id":185897,"date":"2021-07-26T07:43:37","date_gmt":"2021-07-26T10:43:37","guid":{"rendered":"https:\/\/diarioregionaldigital.com.br\/?p=185897"},"modified":"2021-07-26T07:43:37","modified_gmt":"2021-07-26T10:43:37","slug":"skate-e-judo-conquistam-primeiras-medalhas-para-o-brasil-em-toquio","status":"publish","type":"post","link":"https:\/\/diarioregionaldigital.com.br\/?p=185897","title":{"rendered":"Skate e jud\u00f4 conquistam primeiras medalhas para o Brasil em T\u00f3quio"},"content":{"rendered":"<p>No segundo dia de competi\u00e7\u00f5es na Olimp\u00edada, o Brasil subiu ao p\u00f3dio em duas oportunidades. A\u00a0<a href=\"https:\/\/agenciabrasil.ebc.com.br\/esportes\/noticia\/2021-07\/prata-de-kelvin-hoefler-e-primeira-medalha-brasileira-em-toquio\">primeira medalha<\/a>\u00a0nos Jogos veio nas disputas do street masculino no skate, modalidade estreante em T\u00f3quio. Na madrugada deste\u00a0domingo, o paulista Kelvin Hoefler ficou com a prata somando 36,15 pontos, atr\u00e1s do japon\u00eas Yuto Horigomi, que totalizou 37,18.<img decoding=\"async\" src=\"https:\/\/agenciabrasil.ebc.com.br\/ebc.png?id=1416351&amp;o=node\" \/><img decoding=\"async\" src=\"https:\/\/agenciabrasil.ebc.com.br\/ebc.gif?id=1416351&amp;o=node\" \/><\/p>\n<p>A\u00a0outra medalha verde e amarela saiu no jud\u00f4. Na categoria at\u00e9 66 kg, Daniel Cargnin, da Sogipa, ficou com o\u00a0<a href=\"https:\/\/agenciabrasil.ebc.com.br\/esportes\/noticia\/2021-07\/daniel-cargnin-fatura-primeiro-bronze-do-judo-brasileiro-na-olimpiada\">bronze<\/a>\u00a0ao vencer o israelense Barush Shmailov. Tamb\u00e9m no jud\u00f4, Larissa Pimenta, na categoria at\u00e9 52 kg, foi eliminada na\u00a0segunda\u00a0luta ao levar um ippon da japonesa Uta Abe, bicampe\u00e3 mundial.<\/p>\n<p>No handebol feminino, as brasileiras empataram com a equipe do Comit\u00ea Ol\u00edmpico Russo, atual campe\u00e3 ol\u00edmpica, na noite deste\u00a0s\u00e1bado\u00a0(24), em 24 a 24.<\/p>\n<p>Em outra modalidade coletiva, o futebol masculino, os representantes brasileiros tiveram outro\u00a0<a href=\"https:\/\/agenciabrasil.ebc.com.br\/esportes\/noticia\/2021-07\/olimpiada-brasil-empata-com-costa-do-marfim-no-futebol-masculino\">empate<\/a>. Depois da expuls\u00e3o do volante Douglas Luiz logo no come\u00e7o do jogo, o time do t\u00e9cnico Andr\u00e9 Jardine ficou no 0 a 0 com a Costa do Marfim.<\/p>\n<p>No v\u00f4lei de quadra, a sele\u00e7\u00e3o feminina come\u00e7ou com uma\u00a0<a href=\"https:\/\/agenciabrasil.ebc.com.br\/esportes\/noticia\/2021-07\/no-volei-feminino-brasil-vence-coreia-do-sul-na-estreia-olimpica\">vit\u00f3ria<\/a>\u00a0tranquila por 3 sets a 0 sobre a Coreia do Sul. Ainda na primeira rodada do v\u00f4lei de praia, Evandro e Bruno Schmidt passaram pelos chilenos Marco e Esteban Grimalt por 2 a 1.<\/p>\n<p>No surfe, o Brasil conseguiu colocar nas\u00a0<a href=\"https:\/\/agenciabrasil.ebc.com.br\/esportes\/noticia\/2021-07\/toquio-oitavas-do-surfe-comecam-neste-domingo-com-quatro-brasileiros\">oitavas de final<\/a>\u00a0os quatro representantes, \u00cdtalo Ferreira, Gabriel Medina, Tatiana Weston-Webb e Silvana Lima.<\/p>\n<p>Vamos falar agora de nata\u00e7\u00e3o e come\u00e7ar em ordem cronol\u00f3gica.\u00a0Ontem\u00a0a noite, aconteceram as semifinais dos 100m nado peito com Felipe Lima na piscina. O brasileiro at\u00e9 tentou, mas n\u00e3o rolou. Os destaques foram as\u00a0<a href=\"https:\/\/agenciabrasil.ebc.com.br\/esportes\/noticia\/2021-07\/toquio-brasil-chega-final-do-4x100m-e-em-duas-semifinais-na-natacao\">classifica\u00e7\u00f5es<\/a>\u00a0de Fernando Scheffer, nos 200 metros\u00a0livre, e Guilherme Guido, nos 100 m costas, \u00e0s semifinais. Al\u00e9m deles, o revezamento 4&#215;100 m livre masculino tamb\u00e9m se classificou. Com Breno Correia, Pedro Spajari, Gabriel Santos e Marcelo Chierighini, o Brasil vai brigar pela medalha.<\/p>\n<p>Na gin\u00e1stica art\u00edstica, Rebeca Andrade conseguiu se classificar para<a href=\"https:\/\/agenciabrasil.ebc.com.br\/esportes\/noticia\/2021-07\/rebeca-andrade-da-show-em-toquio-e-se-classifica-para-tres-finais\">\u00a0tr\u00eas finais<\/a>\u00a0individuais. Enquanto isso, Fl\u00e1via Saraiva, apesar de\u00a0ter\u00a0se machucado no tornozelo, chegou na final da trave.<\/p>\n<p>O peso leve Wanderson de Oliveira chegou\u00a0\u00e0s oitavas de final do\u00a0<a href=\"https:\/\/agenciabrasil.ebc.com.br\/esportes\/noticia\/2021-07\/wanderson-de-oliveira-avanca-oitavas-de-final-do-boxe-em-toquio\">boxe<\/a>. E\u00a0Gustavo Tsuboi conseguiu uma conquista pessoal, avan\u00e7ando para a\u00a0<a href=\"https:\/\/agenciabrasil.ebc.com.br\/esportes\/noticia\/2021-07\/olimpiada-gustavo-tsuboi-avanca-terceira-rodada-no-tenis-de-mesa\">terceira rodada<\/a>\u00a0do torneio de t\u00eanis de mesa masculino. Com tantos atletas avan\u00e7ando em T\u00f3quio, os pr\u00f3ximos dias ol\u00edmpicos prometem\u00a0novas conquistas brasileiras.<\/p>\n<p><span style=\"font-weight: 400;\">Fonte: Ag\u00eancia Brasil <\/span><\/p>\n","protected":false},"excerpt":{"rendered":"<p>No segundo dia de competi\u00e7\u00f5es na Olimp\u00edada, o Brasil subiu ao p\u00f3dio em duas oportunidades. A\u00a0primeira medalha\u00a0nos Jogos veio nas disputas do street masculino no skate, modalidade estreante em T\u00f3quio. Na madrugada deste\u00a0domingo, o paulista Kelvin Hoefler ficou com a prata somando 36,15 pontos, atr\u00e1s do japon\u00eas Yuto Horigomi, que totalizou 37,18. A\u00a0outra medalha verde [&hellip;]<\/p>\n","protected":false},"author":246,"featured_media":185898,"comment_status":"closed","ping_status":"closed","sticky":false,"template":"","format":"standard","meta":{"footnotes":""},"categories":[436,257,439],"tags":[],"class_list":["post-185897","post","type-post","status-publish","format-standard","has-post-thumbnail","hentry","category-destaque-da-semana","category-esporte","category-ultima-hora"],"_links":{"self":[{"href":"https:\/\/diarioregionaldigital.com.br\/index.php?rest_route=\/wp\/v2\/posts\/185897","targetHints":{"allow":["GET"]}}],"collection":[{"href":"https:\/\/diarioregionaldigital.com.br\/index.php?rest_route=\/wp\/v2\/posts"}],"about":[{"href":"https:\/\/diarioregionaldigital.com.br\/index.php?rest_route=\/wp\/v2\/types\/post"}],"author":[{"embeddable":true,"href":"https:\/\/diarioregionaldigital.com.br\/index.php?rest_route=\/wp\/v2\/users\/246"}],"replies":[{"embeddable":true,"href":"https:\/\/diarioregionaldigital.com.br\/index.php?rest_route=%2Fwp%2Fv2%2Fcomments&post=185897"}],"version-history":[{"count":1,"href":"https:\/\/diarioregionaldigital.com.br\/index.php?rest_route=\/wp\/v2\/posts\/185897\/revisions"}],"predecessor-version":[{"id":185899,"href":"https:\/\/diarioregionaldigital.com.br\/index.php?rest_route=\/wp\/v2\/posts\/185897\/revisions\/185899"}],"wp:featuredmedia":[{"embeddable":true,"href":"https:\/\/diarioregionaldigital.com.br\/index.php?rest_route=\/wp\/v2\/media\/185898"}],"wp:attachment":[{"href":"https:\/\/diarioregionaldigital.com.br\/index.php?rest_route=%2Fwp%2Fv2%2Fmedia&parent=185897"}],"wp:term":[{"taxonomy":"category","embeddable":true,"href":"https:\/\/diarioregionaldigital.com.br\/index.php?rest_route=%2Fwp%2Fv2%2Fcategories&post=185897"},{"taxonomy":"post_tag","embeddable":true,"href":"https:\/\/diarioregionaldigital.com.br\/index.php?rest_route=%2Fwp%2Fv2%2Ftags&post=185897"}],"curies":[{"name":"wp","href":"https:\/\/api.w.org\/{rel}","templated":true}]}}