{"id":185894,"date":"2021-07-26T07:39:08","date_gmt":"2021-07-26T10:39:08","guid":{"rendered":"https:\/\/diarioregionaldigital.com.br\/?p=185894"},"modified":"2021-07-26T07:39:08","modified_gmt":"2021-07-26T10:39:08","slug":"conto-de-fadas-a-brasileira-rayssa-leal-e-prata-no-skate-street","status":"publish","type":"post","link":"https:\/\/diarioregionaldigital.com.br\/?p=185894","title":{"rendered":"Conto de fadas \u00e0 brasileira: Rayssa Leal \u00e9 prata no skate street"},"content":{"rendered":"<p>Nesta segunda (16.07), na pista de skate street do Ariake Urban Sports Park, em T\u00f3quio, no Jap\u00e3o, Rayssa escreveu um cap\u00edtulo que promete ser o in\u00edcio de muitas outras hist\u00f3rias, em especial de meninas brasileiras, como ela. A maranhense de 13 anos e 6 meses conquistou a medalha de prata no street e se tornou a mais jovem medalhista ol\u00edmpica brasileira de todos os tempos.<\/p>\n<p>\u201cEu fico muito feliz de saber de todas as meninas que j\u00e1 me mandaram mensagens no Instagram falando que come\u00e7aram a andar de skate ou que os pais deixaram elas come\u00e7arem a andar por causa de um v\u00eddeo meu.\u00a0 Foi a mesma coisa comigo: mostrei um v\u00eddeo da Leticia (Bufoni) andando de skate, a\u00ed meu pai viu e falou: \u2018Beleza\u2019. A minha hist\u00f3ria e de muitas outras skatistas que quebraram esse preconceito, essa barreira que skate era s\u00f3 para meninos, para homens. Eu estar aqui e segurar uma medalha ol\u00edmpica \u00e9 muito importante pra mim\u201d, conta a menina de 35kg e 1,47m.<\/p>\n<p>Rayssa come\u00e7ou a disputa em T\u00f3quio ao lado de outras duas brasileiras: P\u00e2mela Rosa, primeira no ranking mundial da modalidade, e Leticia Bufoni, ela mesma, que inspirou a pr\u00f3pria Rayssa a come\u00e7ar na modalidade. As duas, no entanto, tiveram dificuldades e n\u00e3o conseguiram avan\u00e7ar para a final. P\u00e2mela depois postou uma foto do tornozelo esquerdo inchado, mostrando que competiu no sacrif\u00edcio. E Leticia viu a final escapar por um triz, depois de calcular errado a nota que precisava para avan\u00e7ar.<\/p>\n<p class=\"callout\"><strong>Investimento federal<\/strong><\/p>\n<p>Integrado ao Bolsa Atleta a partir da inclus\u00e3o da modalidade no programa Ol\u00edmpico, o skate recebeu investimento de R$ 3,2 milh\u00f5es no ciclo para T\u00f3quio. Os recursos foram suficientes para a concess\u00e3o de 65 bolsas para atletas da modalidade. O outro medalhista brasileiro em T\u00f3quio, Kelvin Hoefler, que tamb\u00e9m ganhou uma prata no street, faz parte do programa na categoria Bolsa P\u00f3dio, a mais alta. Como a idade m\u00ednima para entrar no Bolsa Atleta \u00e9 de 14 anos, Rayssa ainda n\u00e3o \u00e9 beneficiada.<\/p>\n<p>As competi\u00e7\u00f5es de skate nos Jogos Ol\u00edmpicos de T\u00f3quio retornam no dia 4 de agosto, com a disputa do park feminino. No dia seguinte, \u00e9 a vez dos homens disputarem medalhas na modalidade. No skate park, o Brasil ter\u00e1 seis atletas: Dora Varella, Isadora Pacheco e Yndiara Asp no feminino, e Luiz Francisco, Pedro Barros e Pedro Quintas no masculino.<\/p>\n<p><b>Brincadeira de crian\u00e7a<\/b><\/p>\n<p>Se o sonho de uma dobradinha ou quem sabe at\u00e9 um trio no p\u00f3dio acabou ali, o de Rayssa Leal estava apenas come\u00e7ando. Dan\u00e7ando, brincando, sorrindo, ela parecia n\u00e3o sentir press\u00e3o alguma e aos poucos ia conseguindo as notas de que precisava. \u201cEu tento me divertir ao m\u00e1ximo, porque tenho certeza de que se me divertir, deixar acontecer naturalmente, a coisa flui\u201d, explica. No fim, somou 14.64 pontos, garantindo a prata. O ouro foi para a japonesa Momiji Nishiya, tamb\u00e9m de 13 anos, que fez 15.26, e o bronze ficou com a tamb\u00e9m nip\u00f4nica Funa Nakayama, de 16, com 14.49.<\/p>\n<p>Depois de receber a medalha, Rayssa continuou se divertindo e brincando at\u00e9 mesmo na hora de falar com os jornalistas. A mascote que ganhou junto com um buqu\u00ea de flores de repente virou \u201cmeu bebezinho\u201d. A medalha de meio quilo ela disse que \u201cpesa mais que eu\u201d. E quando foi informada que j\u00e1 estava com mais de 2 milh\u00f5es de seguidores no Instagram, soltou um grito: \u201cQu\u00ea?\u201d. Com a confirma\u00e7\u00e3o da informa\u00e7\u00e3o (durante a produ\u00e7\u00e3o deste texto, o n\u00famero j\u00e1 havia subido para 2 milh\u00f5es e 200 mil), ela n\u00e3o escondeu a felicidade. \u201cDesde que comecei nas redes sociais, sempre foi um sonho ganhar meu primeiro milh\u00e3o de seguidores, e agora tenho dois?\u201d, espantou-se.<\/p>\n<p>Fonte: rededoesporte.gov.br<\/p>\n","protected":false},"excerpt":{"rendered":"<p>Nesta segunda (16.07), na pista de skate street do Ariake Urban Sports Park, em T\u00f3quio, no Jap\u00e3o, Rayssa escreveu um cap\u00edtulo que promete ser o in\u00edcio de muitas outras hist\u00f3rias, em especial de meninas brasileiras, como ela. A maranhense de 13 anos e 6 meses conquistou a medalha de prata no street e se tornou [&hellip;]<\/p>\n","protected":false},"author":246,"featured_media":185895,"comment_status":"closed","ping_status":"closed","sticky":false,"template":"","format":"standard","meta":{"footnotes":""},"categories":[440,257,439],"tags":[],"class_list":["post-185894","post","type-post","status-publish","format-standard","has-post-thumbnail","hentry","category-destaques-do-dia","category-esporte","category-ultima-hora"],"_links":{"self":[{"href":"https:\/\/diarioregionaldigital.com.br\/index.php?rest_route=\/wp\/v2\/posts\/185894","targetHints":{"allow":["GET"]}}],"collection":[{"href":"https:\/\/diarioregionaldigital.com.br\/index.php?rest_route=\/wp\/v2\/posts"}],"about":[{"href":"https:\/\/diarioregionaldigital.com.br\/index.php?rest_route=\/wp\/v2\/types\/post"}],"author":[{"embeddable":true,"href":"https:\/\/diarioregionaldigital.com.br\/index.php?rest_route=\/wp\/v2\/users\/246"}],"replies":[{"embeddable":true,"href":"https:\/\/diarioregionaldigital.com.br\/index.php?rest_route=%2Fwp%2Fv2%2Fcomments&post=185894"}],"version-history":[{"count":1,"href":"https:\/\/diarioregionaldigital.com.br\/index.php?rest_route=\/wp\/v2\/posts\/185894\/revisions"}],"predecessor-version":[{"id":185896,"href":"https:\/\/diarioregionaldigital.com.br\/index.php?rest_route=\/wp\/v2\/posts\/185894\/revisions\/185896"}],"wp:featuredmedia":[{"embeddable":true,"href":"https:\/\/diarioregionaldigital.com.br\/index.php?rest_route=\/wp\/v2\/media\/185895"}],"wp:attachment":[{"href":"https:\/\/diarioregionaldigital.com.br\/index.php?rest_route=%2Fwp%2Fv2%2Fmedia&parent=185894"}],"wp:term":[{"taxonomy":"category","embeddable":true,"href":"https:\/\/diarioregionaldigital.com.br\/index.php?rest_route=%2Fwp%2Fv2%2Fcategories&post=185894"},{"taxonomy":"post_tag","embeddable":true,"href":"https:\/\/diarioregionaldigital.com.br\/index.php?rest_route=%2Fwp%2Fv2%2Ftags&post=185894"}],"curies":[{"name":"wp","href":"https:\/\/api.w.org\/{rel}","templated":true}]}}