{"id":185891,"date":"2021-07-26T07:33:51","date_gmt":"2021-07-26T10:33:51","guid":{"rendered":"https:\/\/diarioregionaldigital.com.br\/?p=185891"},"modified":"2021-07-26T07:33:51","modified_gmt":"2021-07-26T10:33:51","slug":"governo-realiza-operacao-lastro-iii-para-combater-comercio-ilegal-de-carvao","status":"publish","type":"post","link":"https:\/\/diarioregionaldigital.com.br\/?p=185891","title":{"rendered":"Governo realiza Opera\u00e7\u00e3o Lastro III para combater com\u00e9rcio ilegal de carv\u00e3o"},"content":{"rendered":"<p>O\u00a0<a href=\"https:\/\/www.mg.gov.br\/\" target=\"_blank\" rel=\"noopener\">Governo de Minas<\/a>\u00a0fez uma nova investida contra o carv\u00e3o ilegal no estado e realizou, entre os dias 20 e 23\/7, a terceira etapa da Opera\u00e7\u00e3o Lastro, a\u00e7\u00e3o coordenada pela\u00a0<a href=\"http:\/\/www.meioambiente.mg.gov.br\/\" target=\"_blank\" rel=\"noopener\">Secretaria de Estado de Meio Ambiente e Desenvolvimento Sustent\u00e1vel (Semad)<\/a>,\u00a0<a href=\"https:\/\/www.policiamilitar.mg.gov.br\/portal-pm\/externo\/principal.action\" target=\"_blank\" rel=\"noopener\">Pol\u00edcia Militar (PMMG)<\/a>\u00a0e\u00a0<a href=\"https:\/\/www.policiacivil.mg.gov.br\/\" target=\"_blank\" rel=\"noopener\">Pol\u00edcia Civil (PCMG)<\/a>. O trabalho tem como prop\u00f3sito fiscalizar a cadeia de com\u00e9rcio de carv\u00e3o vegetal e abrange desde a origem, em empreendimentos produtores, at\u00e9 transporte, p\u00e1tios intermedi\u00e1rios e, por fim, empresas sider\u00fargicas, consumidoras do subproduto florestal. O objetivo \u00e9 combater o com\u00e9rcio irregular de carv\u00e3o, inclusive o vindo de florestas nativas, pr\u00e1tica considerada crime, previsto na Lei Federal 9.605\/1998. \u00a0 A opera\u00e7\u00e3o foi realizada em dez munic\u00edpios distribu\u00eddos em diferentes regi\u00f5es do estado: Sete Lagoas (Central), Divin\u00f3polis (Alto S\u00e3o Francisco), Itamarandiba, Veredinha e Aricanduva (Jequitinhonha), Paracatu (Noroeste), El\u00f3i Mendes (Sul de Minas), Santa Cruz de Salinas, Rio Pardo de Minas e Indaiabira (Norte de Minas).<\/p>\n<p>Na Semad, o trabalho foi conduzido pela Subsecretaria de Fiscaliza\u00e7\u00e3o Ambiental. Ao todo, 46 servidores da pasta de meio ambiente e das duas corpora\u00e7\u00f5es atuaram na opera\u00e7\u00e3o.<\/p>\n<p>As a\u00e7\u00f5es tiveram in\u00edcio em Sete Lagoas e Divin\u00f3polis, com duas sider\u00fargicas fiscalizadas em cada cidade. No mesmo dia, equipes estiveram em 13 alvos identificados previamente pelo trabalho de intelig\u00eancia da Semad como potenciais pontos de origem e intermedi\u00e1rios, vinculados \u00e0 rede de irregularidades.<\/p>\n<p><strong>Resultados<\/strong><\/p>\n<p>A opera\u00e7\u00e3o fiscalizou 27 alvos, com um total de 13 autos de infra\u00e7\u00e3o lavrados at\u00e9 o momento por irregularidades ligadas \u00e0 cadeia do carv\u00e3o vegetal. Foram constatados 559 documentos ambientais (GCAs) irregulares e um total de 36.000 MDCs de carv\u00e3o ilegal. Quatro ve\u00edculos foram apreendidos e duas pessoas conduzidas.<\/p>\n<p>A opera\u00e7\u00e3o resultou em R$ 729 mil em multas aplicadas e um montante superior a R$ 10 milh\u00f5es em autua\u00e7\u00f5es ainda est\u00e3o previstas para lavratura, as que dependem de an\u00e1lise documental aprofundada e complementa\u00e7\u00e3o da qualifica\u00e7\u00e3o dos respons\u00e1veis, o que ser\u00e1 obtido com a continuidade dos trabalhos de intelig\u00eancia da Semad, em articula\u00e7\u00e3o com a Pol\u00edcia Civil. Al\u00e9m disso, nas Declara\u00e7\u00f5es de Colheita de Florestas Plantadas e Produ\u00e7\u00e3o de Carv\u00e3o (DCFs) tamb\u00e9m se constatou a realiza\u00e7\u00e3o de queimada sem autoriza\u00e7\u00e3o nas \u00e1reas colhidas de eucalipto.<\/p>\n<p>O diretor de Estrat\u00e9gia em Fiscaliza\u00e7\u00e3o da Semad, Gustavo Endrigo, um dos coordenadores da opera\u00e7\u00e3o, afirma que foram constatadas irregularidades em todas as etapas da cadeia fiscalizadas, desde a origem, at\u00e9 o transporte, manuten\u00e7\u00e3o em p\u00e1tios intermedi\u00e1rios, pontos de baldeio e no consumidor final.<\/p>\n<p>Os problemas se relacionaram, principalmente, a diverg\u00eancias entre as notas fiscais e ambientais e a carga transportada. \u201cHavia, inclusive, carv\u00e3o de origem nativa, subproduto controlado, proveniente de desmatamento n\u00e3o autorizado de nossas florestas\u201d, disse. Segundo ele, a Semad atuou com medidas administrativas: multas e apreens\u00f5es, e as Pol\u00edcia Militar e Civil deram os andamentos criminais.\u00a0Tamb\u00e9m presente na fiscaliza\u00e7\u00e3o, o delegado Eduardo Vieira Figueiredo, do Departamento Estadual de Investiga\u00e7\u00e3o de Crimes contra o Meio Ambiente (Dema), explica o trabalho da corpora\u00e7\u00e3o.<\/p>\n<p>\u201cConseguimos o \u00eaxito de realizar pris\u00f5es de indiv\u00edduos que estariam transportando carv\u00e3o ilegal em nosso estado. Agora daremos prosseguimento nos trabalhos de pol\u00edcia judici\u00e1ria com interrogat\u00f3rio e com relat\u00f3rio final de investiga\u00e7\u00e3o que ser\u00e1 apresentado ao Poder Judici\u00e1rio, para a devida responsabiliza\u00e7\u00e3o criminal dos infratores\u201d, afirmou. Segundo ele, a documenta\u00e7\u00e3o recolhida foi devidamente analisada pela Semad, dando respaldo na atua\u00e7\u00e3o da Pol\u00edcia Civil nas a\u00e7\u00f5es de fiscaliza\u00e7\u00e3o da Lastro III.<\/p>\n<p>Comandante da 1\u00aa Cia da Pol\u00edcia Militar de Meio Ambiente, o capit\u00e3o Jos\u00e9 Wilson de Assis destaca a import\u00e2ncia do trabalho conjunto e ressalta que al\u00e9m das opera\u00e7\u00f5es especiais, como foi a Lastro III, outras a\u00e7\u00f5es ocorrem rotineiramente. \u201cS\u00e3o atividades que t\u00eam o objetivo de fiscalizar n\u00e3o s\u00f3 a cadeia de consumo do carv\u00e3o vegetal, mas toda a atividade sider\u00fargica\u201d, explica.<\/p>\n<p>J\u00e1 o superintendente de Fiscaliza\u00e7\u00e3o da Semad, Fl\u00e1vio Aquino, destaca a continuidade das a\u00e7\u00f5es de fiscaliza\u00e7\u00e3o da cadeia do carv\u00e3o, tendo em vista que, mesmo sendo crime, ainda h\u00e1 quem insista na pr\u00e1tica que contribui para o desmatamento irregular no estado. \u201cA opera\u00e7\u00e3o realizada \u00e9 apenas uma das a\u00e7\u00f5es, e a partir dela ser\u00e3o realizadas an\u00e1lises e constatadas novas infra\u00e7\u00f5es nos sistemas oficiais. \u00c9 um verdadeiro trabalho t\u00e9cnico de mapeamento da cadeia criminosa\u201d, afirmou.<\/p>\n<p><strong>N\u00fameros<\/strong><\/p>\n<p>Total de alvos fiscalizados: 27<br \/>\nTotal de autos de infra\u00e7\u00e3o: 13<br \/>\nTotal de carv\u00e3o irregular: 36.000 MDC<br \/>\nTotal de documentos ambientais irregulares (GCA): 559 un<br \/>\nTotal de ve\u00edculos apreendidos: 4<br \/>\nValor das autua\u00e7\u00f5es lavradas: R$ 729 mil<br \/>\nValor das autua\u00e7\u00f5es previstas para lavratura: superior a R$ 10 milh\u00f5es<strong>*<\/p>\n<p><span style=\"font-weight: 400;\">Fonte: Ag\u00eancia Minas <\/span><br \/>\n<\/strong><\/p>\n","protected":false},"excerpt":{"rendered":"<p>O\u00a0Governo de Minas\u00a0fez uma nova investida contra o carv\u00e3o ilegal no estado e realizou, entre os dias 20 e 23\/7, a terceira etapa da Opera\u00e7\u00e3o Lastro, a\u00e7\u00e3o coordenada pela\u00a0Secretaria de Estado de Meio Ambiente e Desenvolvimento Sustent\u00e1vel (Semad),\u00a0Pol\u00edcia Militar (PMMG)\u00a0e\u00a0Pol\u00edcia Civil (PCMG). O trabalho tem como prop\u00f3sito fiscalizar a cadeia de com\u00e9rcio de carv\u00e3o vegetal [&hellip;]<\/p>\n","protected":false},"author":246,"featured_media":185892,"comment_status":"closed","ping_status":"closed","sticky":false,"template":"","format":"standard","meta":{"footnotes":""},"categories":[436,254,439],"tags":[],"class_list":["post-185891","post","type-post","status-publish","format-standard","has-post-thumbnail","hentry","category-destaque-da-semana","category-politica","category-ultima-hora"],"_links":{"self":[{"href":"https:\/\/diarioregionaldigital.com.br\/index.php?rest_route=\/wp\/v2\/posts\/185891","targetHints":{"allow":["GET"]}}],"collection":[{"href":"https:\/\/diarioregionaldigital.com.br\/index.php?rest_route=\/wp\/v2\/posts"}],"about":[{"href":"https:\/\/diarioregionaldigital.com.br\/index.php?rest_route=\/wp\/v2\/types\/post"}],"author":[{"embeddable":true,"href":"https:\/\/diarioregionaldigital.com.br\/index.php?rest_route=\/wp\/v2\/users\/246"}],"replies":[{"embeddable":true,"href":"https:\/\/diarioregionaldigital.com.br\/index.php?rest_route=%2Fwp%2Fv2%2Fcomments&post=185891"}],"version-history":[{"count":1,"href":"https:\/\/diarioregionaldigital.com.br\/index.php?rest_route=\/wp\/v2\/posts\/185891\/revisions"}],"predecessor-version":[{"id":185893,"href":"https:\/\/diarioregionaldigital.com.br\/index.php?rest_route=\/wp\/v2\/posts\/185891\/revisions\/185893"}],"wp:featuredmedia":[{"embeddable":true,"href":"https:\/\/diarioregionaldigital.com.br\/index.php?rest_route=\/wp\/v2\/media\/185892"}],"wp:attachment":[{"href":"https:\/\/diarioregionaldigital.com.br\/index.php?rest_route=%2Fwp%2Fv2%2Fmedia&parent=185891"}],"wp:term":[{"taxonomy":"category","embeddable":true,"href":"https:\/\/diarioregionaldigital.com.br\/index.php?rest_route=%2Fwp%2Fv2%2Fcategories&post=185891"},{"taxonomy":"post_tag","embeddable":true,"href":"https:\/\/diarioregionaldigital.com.br\/index.php?rest_route=%2Fwp%2Fv2%2Ftags&post=185891"}],"curies":[{"name":"wp","href":"https:\/\/api.w.org\/{rel}","templated":true}]}}