{"id":185885,"date":"2021-07-26T07:29:20","date_gmt":"2021-07-26T10:29:20","guid":{"rendered":"https:\/\/diarioregionaldigital.com.br\/?p=185885"},"modified":"2021-07-26T07:29:20","modified_gmt":"2021-07-26T10:29:20","slug":"operacao-caminhos-de-minas-resulta-na-apreensao-de-mais-de-meia-tonelada-de-drogas","status":"publish","type":"post","link":"https:\/\/diarioregionaldigital.com.br\/?p=185885","title":{"rendered":"Opera\u00e7\u00e3o Caminhos de Minas resulta na apreens\u00e3o de mais de meia tonelada de drogas"},"content":{"rendered":"<p>A terceira fase da opera\u00e7\u00e3o Caminhos de Minas, coordenada por\u00a0<a href=\"http:\/\/www.seguranca.mg.gov.br\/\" target=\"_blank\" rel=\"noopener\">Secretaria de Estado de Justi\u00e7a e Seguran\u00e7a P\u00fablica (Sejusp)<\/a>,\u00a0<a href=\"https:\/\/www.policiamilitar.mg.gov.br\/portal-pm\/externo\/principal.action\" target=\"_blank\" rel=\"noopener\">Pol\u00edcia Militar (PM)<\/a>\u00a0e Pol\u00edcia Rodovi\u00e1ria Federal (PRF) chega ao fim nesta sexta-feira (23\/7), com mais de 600 kg de drogas apreendidas por rodovias de todo o estado. Al\u00e9m disso, cerca de 180 indiv\u00edduos foram presos, 12 armas de fogo retiradas de circula\u00e7\u00e3o e sete procurados pela Justi\u00e7a capturados desde o in\u00edcio da megaopera\u00e7\u00e3o, \u00a0em 19\/7.<\/p>\n<p>Segundo o titular da Sejusp, secret\u00e1rio Rog\u00e9rio Greco, a atua\u00e7\u00e3o conjunta das for\u00e7as de seguran\u00e7a de \u00a0Minas Gerais ter\u00e1 continuidade e frequ\u00eancia. &#8220;Trata-se de um projeto de sucesso. A integra\u00e7\u00e3o \u00e9 fundamental para as pol\u00edcias e para a seguran\u00e7a p\u00fablica de forma geral&#8221;, ressalta.<strong>For\u00e7as policiais<\/strong><\/p>\n<p>Na \u00faltima sexta-feira (23\/7), data de divulga\u00e7\u00e3o dos resultados da megaopera\u00e7\u00e3o, marca tamb\u00e9m a celebra\u00e7\u00e3o dos 93 anos da Pol\u00edcia Rodovi\u00e1ria Federal. Para o superintendente regional da PRF em Minas, inspetor Marco Ant\u00f4nio de Barros, a integra\u00e7\u00e3o das for\u00e7as vem aumentando a expertise das institui\u00e7\u00f5es no combate ao crime. &#8220;Por meio das trocas de informa\u00e7\u00f5es entre as intelig\u00eancias, conseguimos identificar ve\u00edculos e indiv\u00edduos suspeitos. O modus operandi \u00e9 muito din\u00e2mico. Esta \u00e9 uma semana de comemora\u00e7\u00f5es&#8221;, relata.<\/p>\n<p>J\u00e1 o comandante do Policiamento Rodovi\u00e1rio da PMMG, coronel Valmir Jos\u00e9 Fagundes, sublinha a relev\u00e2ncia da a\u00e7\u00e3o ostensiva nas estradas mineiras. &#8220;Precisamos estar atentos, fiscalizando, colocando o olhar policial, mostrando nossa presen\u00e7a, porque o resultado est\u00e1 a\u00ed. Drogas, armas, pessoas com mandados de pris\u00e3o circulam pelas rodovias&#8221;, enfatiza. O comando celebrou seu cinquenten\u00e1rio durante o lan\u00e7amento da Caminhos de Minas III, em 19\/7.<\/p>\n<p><strong>Fases anteriores<\/strong><\/p>\n<p>A primeira (22 a 25\/2) e a segunda (22 a 26\/3) fases da Caminhos de Minas registraram, neste ano, redu\u00e7\u00e3o na criminalidade violenta no estado. Houve queda de 34% na etapa inicial e de 30% na fase dois, na compara\u00e7\u00e3o com per\u00edodos semelhantes de 2020. Os dados s\u00e3o do Observat\u00f3rio de Seguran\u00e7a P\u00fablica da Sejusp, compilados a partir do Registro de Eventos de Defesa Social (Reds).<\/p>\n<p><span style=\"font-weight: 400;\">Fonte: Ag\u00eancia Minas<\/span><\/p>\n","protected":false},"excerpt":{"rendered":"<p>A terceira fase da opera\u00e7\u00e3o Caminhos de Minas, coordenada por\u00a0Secretaria de Estado de Justi\u00e7a e Seguran\u00e7a P\u00fablica (Sejusp),\u00a0Pol\u00edcia Militar (PM)\u00a0e Pol\u00edcia Rodovi\u00e1ria Federal (PRF) chega ao fim nesta sexta-feira (23\/7), com mais de 600 kg de drogas apreendidas por rodovias de todo o estado. Al\u00e9m disso, cerca de 180 indiv\u00edduos foram presos, 12 armas de [&hellip;]<\/p>\n","protected":false},"author":246,"featured_media":185886,"comment_status":"closed","ping_status":"closed","sticky":false,"template":"","format":"standard","meta":{"footnotes":""},"categories":[436,254,439],"tags":[],"class_list":["post-185885","post","type-post","status-publish","format-standard","has-post-thumbnail","hentry","category-destaque-da-semana","category-politica","category-ultima-hora"],"_links":{"self":[{"href":"https:\/\/diarioregionaldigital.com.br\/index.php?rest_route=\/wp\/v2\/posts\/185885","targetHints":{"allow":["GET"]}}],"collection":[{"href":"https:\/\/diarioregionaldigital.com.br\/index.php?rest_route=\/wp\/v2\/posts"}],"about":[{"href":"https:\/\/diarioregionaldigital.com.br\/index.php?rest_route=\/wp\/v2\/types\/post"}],"author":[{"embeddable":true,"href":"https:\/\/diarioregionaldigital.com.br\/index.php?rest_route=\/wp\/v2\/users\/246"}],"replies":[{"embeddable":true,"href":"https:\/\/diarioregionaldigital.com.br\/index.php?rest_route=%2Fwp%2Fv2%2Fcomments&post=185885"}],"version-history":[{"count":1,"href":"https:\/\/diarioregionaldigital.com.br\/index.php?rest_route=\/wp\/v2\/posts\/185885\/revisions"}],"predecessor-version":[{"id":185887,"href":"https:\/\/diarioregionaldigital.com.br\/index.php?rest_route=\/wp\/v2\/posts\/185885\/revisions\/185887"}],"wp:featuredmedia":[{"embeddable":true,"href":"https:\/\/diarioregionaldigital.com.br\/index.php?rest_route=\/wp\/v2\/media\/185886"}],"wp:attachment":[{"href":"https:\/\/diarioregionaldigital.com.br\/index.php?rest_route=%2Fwp%2Fv2%2Fmedia&parent=185885"}],"wp:term":[{"taxonomy":"category","embeddable":true,"href":"https:\/\/diarioregionaldigital.com.br\/index.php?rest_route=%2Fwp%2Fv2%2Fcategories&post=185885"},{"taxonomy":"post_tag","embeddable":true,"href":"https:\/\/diarioregionaldigital.com.br\/index.php?rest_route=%2Fwp%2Fv2%2Ftags&post=185885"}],"curies":[{"name":"wp","href":"https:\/\/api.w.org\/{rel}","templated":true}]}}