{"id":185873,"date":"2021-07-26T07:17:36","date_gmt":"2021-07-26T10:17:36","guid":{"rendered":"https:\/\/diarioregionaldigital.com.br\/?p=185873"},"modified":"2021-07-26T07:17:36","modified_gmt":"2021-07-26T10:17:36","slug":"cni-pandemia-ainda-afeta-oferta-e-custo-de-materias-primas","status":"publish","type":"post","link":"https:\/\/diarioregionaldigital.com.br\/?p=185873","title":{"rendered":"CNI: pandemia ainda afeta oferta e custo de mat\u00e9rias-primas"},"content":{"rendered":"<p>O principal problema das ind\u00fastrias no segundo trimestre de 2021 ainda foi a falta e o alto custo das mat\u00e9rias-primas. De acordo com a pesquisa Sondagem Industrial, da Confedera\u00e7\u00e3o Nacional da Ind\u00fastria (CNI), os efeitos da pandemia de covid-19 t\u00eam impactado a oferta de insumos para o setor. O problema \u00e9 mencionado por 68,3% das ind\u00fastrias pesquisadas.<img decoding=\"async\" src=\"https:\/\/agenciabrasil.ebc.com.br\/ebc.png?id=1416157&amp;o=node\" \/><img decoding=\"async\" src=\"https:\/\/agenciabrasil.ebc.com.br\/ebc.gif?id=1416157&amp;o=node\" \/><\/p>\n<p>Em seguida, a elevada carga tribut\u00e1ria (34,9%) e a taxa de c\u00e2mbio (23,2%) est\u00e3o entre os principais entraves enfrentados pelo setor no pa\u00eds.<\/p>\n<p>A Sondagem Industrial tamb\u00e9m mostra aumento nos pre\u00e7os das mat\u00e9rias-primas, mesmo que em um ritmo mais lento. O \u00edndice caiu no trimestre, mas permanece acima da linha de 50 pontos e est\u00e1 entre os maiores da s\u00e9rie com 74,1 pontos. Indicadores abaixo de 50 pontos mostram pre\u00e7os abaixo do planejado. Acima desse valor, est\u00e3o acima do previsto.<\/p>\n<p>Em junho, o indicador de estoque efetivo em rela\u00e7\u00e3o ao planejado pelas empresas registrou 48,7 pontos, ficando abaixo da linha de 50 pontos que indica que os estoques est\u00e3o alinhados ao planejado pelas empresas. A dist\u00e2ncia para o planejado foi maior em junho se comparado aos meses de abril e maio, quando os \u00edndices foram de 49,6 e 49,2 pontos, respectivamente.<\/p>\n<p><strong>Emprego e produ\u00e7\u00e3o<\/strong><\/p>\n<p>A pesquisa da CNI aponta que o emprego completou um ano sem queda. O indicador de empregados na ind\u00fastria subiu para 52 pontos no m\u00eas de junho. Pelo segundo m\u00eas consecutivo, o n\u00famero de trabalhadores est\u00e1 acima da linha de 50 pontos, ou seja, mostra alta do emprego.<\/p>\n<p>A produ\u00e7\u00e3o industrial tamb\u00e9m cresceu pelo segundo m\u00eas consecutivo. O \u00edndice ficou em 52 pontos. Os \u00edndices variam de 0 a 100, com linha de corte em 50 pontos; os dados acima desse valor indicam crescimento na compara\u00e7\u00e3o com o m\u00eas anterior e abaixo, queda.<\/p>\n<p>Al\u00e9m disso, a Utiliza\u00e7\u00e3o da Capacidade Instalada (UCI) alcan\u00e7ou 71% em junho, crescimento de um ponto percentual em rela\u00e7\u00e3o a maio. De acordo com a entidade, esse percentual \u00e9 o mais alto para o m\u00eas de junho desde 2013 e indica que a ind\u00fastria, apesar da queda observada no in\u00edcio do ano, se encontra aquecida.<\/p>\n<p><strong>Expectativas<\/strong><\/p>\n<p>O otimismo dos empres\u00e1rios industriais em rela\u00e7\u00e3o aos pr\u00f3ximos meses manteve o crescimento em julho. O \u00edndice de expectativa de demanda aumentou 1,1 ponto em rela\u00e7\u00e3o a junho, alcan\u00e7ando 61 pontos. Esse \u00e9 o maior valor para o m\u00eas de julho desde 2011, quando o \u00edndice era de 61,8 pontos.<\/p>\n<p>O \u00edndice de expectativa de exporta\u00e7\u00e3o teve um crescimento de 0,5 ponto, passando de 54,9 pontos para 55,4 pontos entre junho e julho.<\/p>\n<p>Todos os indicadores de satisfa\u00e7\u00e3o com a situa\u00e7\u00e3o financeira tamb\u00e9m melhoraram no segundo trimestre de 2021. A inten\u00e7\u00e3o de investimento aumentou 1,6 ponto em rela\u00e7\u00e3o a junho, alcan\u00e7ando 58,6 pontos. O indicador apresenta recupera\u00e7\u00e3o ap\u00f3s a queda que ocorreu em fevereiro e mar\u00e7o deste ano, mas ainda n\u00e3o recuperou o patamar de janeiro, quando o \u00edndice foi de 59,9.<\/p>\n<p>A pesquisa completa est\u00e1 dispon\u00edvel na\u00a0<a href=\"http:\/\/www.portaldaindustria.com.br\/estatisticas\/sondagem-industrial\/?utm_source=gpc_agencia_de_noticias&amp;utm_medium=site&amp;utm_campaign=Sondagem_Jun21\">p\u00e1gina da CNI<\/a>.<\/p>\n<p><span style=\"font-weight: 400;\"><br \/>\n<\/span><span style=\"font-weight: 400;\">Fonte: Ag\u00eancia Brasil<\/span><\/p>\n","protected":false},"excerpt":{"rendered":"<p>O principal problema das ind\u00fastrias no segundo trimestre de 2021 ainda foi a falta e o alto custo das mat\u00e9rias-primas. De acordo com a pesquisa Sondagem Industrial, da Confedera\u00e7\u00e3o Nacional da Ind\u00fastria (CNI), os efeitos da pandemia de covid-19 t\u00eam impactado a oferta de insumos para o setor. O problema \u00e9 mencionado por 68,3% das [&hellip;]<\/p>\n","protected":false},"author":246,"featured_media":185874,"comment_status":"closed","ping_status":"closed","sticky":false,"template":"","format":"standard","meta":{"footnotes":""},"categories":[436,261,439],"tags":[],"class_list":["post-185873","post","type-post","status-publish","format-standard","has-post-thumbnail","hentry","category-destaque-da-semana","category-economia","category-ultima-hora"],"_links":{"self":[{"href":"https:\/\/diarioregionaldigital.com.br\/index.php?rest_route=\/wp\/v2\/posts\/185873","targetHints":{"allow":["GET"]}}],"collection":[{"href":"https:\/\/diarioregionaldigital.com.br\/index.php?rest_route=\/wp\/v2\/posts"}],"about":[{"href":"https:\/\/diarioregionaldigital.com.br\/index.php?rest_route=\/wp\/v2\/types\/post"}],"author":[{"embeddable":true,"href":"https:\/\/diarioregionaldigital.com.br\/index.php?rest_route=\/wp\/v2\/users\/246"}],"replies":[{"embeddable":true,"href":"https:\/\/diarioregionaldigital.com.br\/index.php?rest_route=%2Fwp%2Fv2%2Fcomments&post=185873"}],"version-history":[{"count":1,"href":"https:\/\/diarioregionaldigital.com.br\/index.php?rest_route=\/wp\/v2\/posts\/185873\/revisions"}],"predecessor-version":[{"id":185875,"href":"https:\/\/diarioregionaldigital.com.br\/index.php?rest_route=\/wp\/v2\/posts\/185873\/revisions\/185875"}],"wp:featuredmedia":[{"embeddable":true,"href":"https:\/\/diarioregionaldigital.com.br\/index.php?rest_route=\/wp\/v2\/media\/185874"}],"wp:attachment":[{"href":"https:\/\/diarioregionaldigital.com.br\/index.php?rest_route=%2Fwp%2Fv2%2Fmedia&parent=185873"}],"wp:term":[{"taxonomy":"category","embeddable":true,"href":"https:\/\/diarioregionaldigital.com.br\/index.php?rest_route=%2Fwp%2Fv2%2Fcategories&post=185873"},{"taxonomy":"post_tag","embeddable":true,"href":"https:\/\/diarioregionaldigital.com.br\/index.php?rest_route=%2Fwp%2Fv2%2Ftags&post=185873"}],"curies":[{"name":"wp","href":"https:\/\/api.w.org\/{rel}","templated":true}]}}