{"id":185870,"date":"2021-07-26T07:14:45","date_gmt":"2021-07-26T10:14:45","guid":{"rendered":"https:\/\/diarioregionaldigital.com.br\/?p=185870"},"modified":"2021-07-26T07:14:45","modified_gmt":"2021-07-26T10:14:45","slug":"governo-ajudara-a-achar-solucao-para-perdas-com-geada-em-cafezais","status":"publish","type":"post","link":"https:\/\/diarioregionaldigital.com.br\/?p=185870","title":{"rendered":"Governo ajudar\u00e1 a achar solu\u00e7\u00e3o para perdas com geada em cafezais"},"content":{"rendered":"<p>A ministra da Agricultura, Pecu\u00e1ria e Abastecimento, Tereza Cristina, disse hoje (23) que ser\u00e1 definida uma solu\u00e7\u00e3o para os preju\u00edzos causados a cafeicultores em decorr\u00eancia das geadas em Minas Gerais, situa\u00e7\u00e3o agravada por ocorrer logo ap\u00f3s per\u00edodo de seca. Estado registrou a maior geada dos \u00faltimos 20 anos.<img decoding=\"async\" src=\"https:\/\/agenciabrasil.ebc.com.br\/ebc.png?id=1416182&amp;o=node\" \/><img decoding=\"async\" src=\"https:\/\/agenciabrasil.ebc.com.br\/ebc.gif?id=1416182&amp;o=node\" \/><\/p>\n<p>Ao discursar na manh\u00e3 de hoje (23), em Alfenas, no sudoeste de Minas Gerais, Tereza Cristina, disse que a solu\u00e7\u00e3o ser\u00e1 definida em conjunto com os governos federal e de Minas Gerais, cooperativas e prefeitos.<\/p>\n<p>\u201cSolu\u00e7\u00e3o existe. Contem conosco, pois juntos vamos achar uma maneira para sair desta situa\u00e7\u00e3o de cafezais praticamente dizimados no estado de Minas Gerais\u201d, afirmou, em transmiss\u00e3o ao vivo do Sindicato Rural de Alfenas.<\/p>\n<p>A ministra pediu\u00a0que os produtores forne\u00e7am dados detalhados sobre as perdas. &#8220;O levantamento que ser\u00e1 feito pelas equipes t\u00e9cnicas do estado, pela nossa equipe da Conab [Companhia Nacional de Abastecimento] ser\u00e1 fundamental para se construir uma pol\u00edtica para a regi\u00e3o. Pedimos\u00a0para os produtores que eles nos forne\u00e7am os dados corretamente, fotografem as suas lavouras neste momento e que todo mundo fique tranquilo porque juntos vamos achar um caminho para sair dessa situa\u00e7\u00e3o de perdas que a geada nos trouxe&#8221;, disse.<\/p>\n<p>Teresa Cristina desembarcou no Aeroporto de Varginha, na manh\u00e3 de hoje (23), de onde seguiu de carro para a cidade de Alfenas. O primeiro compromisso foi na Fazenda Primavera, com o objetivo de verificar a situa\u00e7\u00e3o dos danos causadas \u00e0 lavoura de caf\u00e9 pelas fortes geadas em Minas Gerais, ocorridas principalmente na madrugada de ter\u00e7a-feira (20). Em seguida, participou da reuni\u00e3o sobre os preju\u00edzos causados a cafeicultores.<\/p>\n<p><strong>Monitoramento<\/strong><\/p>\n<p>O Minist\u00e9rio da Agricultura destaca que o Instituto Nacional de Meteorologia (Inmet) disponibilizou uma\u00a0<a href=\"https:\/\/portal.inmet.gov.br\/paginas\/geadas\">plataforma de monitoramento de poss\u00edveis geadas no Brasil<\/a>. No mapa, o agricultor pode verificar a possibilidade de ocorr\u00eancias de geadas baseada nos dados registrados por esta\u00e7\u00f5es meteorol\u00f3gicas.<\/p>\n<p>Ao clicar nos bal\u00f5es dispon\u00edveis no mapa, \u00e9 poss\u00edvel capturar o dia, a temperatura e a poss\u00edvel ocorr\u00eancia. Na tabela tamb\u00e9m s\u00e3o oferecidas as mesmas informa\u00e7\u00f5es.<\/p>\n<p>No mapa, as informa\u00e7\u00f5es ser\u00e3o agregadas com o decorrer do tempo, al\u00e9m disso \u00e9 poss\u00edvel pesquisar o registro de geadas, at\u00e9 os \u00faltimos 30 dias.<\/p>\n<p><span style=\"font-weight: 400;\">Fonte: Ag\u00eancia Brasil<\/span><\/p>\n","protected":false},"excerpt":{"rendered":"<p>A ministra da Agricultura, Pecu\u00e1ria e Abastecimento, Tereza Cristina, disse hoje (23) que ser\u00e1 definida uma solu\u00e7\u00e3o para os preju\u00edzos causados a cafeicultores em decorr\u00eancia das geadas em Minas Gerais, situa\u00e7\u00e3o agravada por ocorrer logo ap\u00f3s per\u00edodo de seca. Estado registrou a maior geada dos \u00faltimos 20 anos. Ao discursar na manh\u00e3 de hoje (23), [&hellip;]<\/p>\n","protected":false},"author":246,"featured_media":185871,"comment_status":"closed","ping_status":"closed","sticky":false,"template":"","format":"standard","meta":{"footnotes":""},"categories":[440,261,439],"tags":[],"class_list":["post-185870","post","type-post","status-publish","format-standard","has-post-thumbnail","hentry","category-destaques-do-dia","category-economia","category-ultima-hora"],"_links":{"self":[{"href":"https:\/\/diarioregionaldigital.com.br\/index.php?rest_route=\/wp\/v2\/posts\/185870","targetHints":{"allow":["GET"]}}],"collection":[{"href":"https:\/\/diarioregionaldigital.com.br\/index.php?rest_route=\/wp\/v2\/posts"}],"about":[{"href":"https:\/\/diarioregionaldigital.com.br\/index.php?rest_route=\/wp\/v2\/types\/post"}],"author":[{"embeddable":true,"href":"https:\/\/diarioregionaldigital.com.br\/index.php?rest_route=\/wp\/v2\/users\/246"}],"replies":[{"embeddable":true,"href":"https:\/\/diarioregionaldigital.com.br\/index.php?rest_route=%2Fwp%2Fv2%2Fcomments&post=185870"}],"version-history":[{"count":1,"href":"https:\/\/diarioregionaldigital.com.br\/index.php?rest_route=\/wp\/v2\/posts\/185870\/revisions"}],"predecessor-version":[{"id":185872,"href":"https:\/\/diarioregionaldigital.com.br\/index.php?rest_route=\/wp\/v2\/posts\/185870\/revisions\/185872"}],"wp:featuredmedia":[{"embeddable":true,"href":"https:\/\/diarioregionaldigital.com.br\/index.php?rest_route=\/wp\/v2\/media\/185871"}],"wp:attachment":[{"href":"https:\/\/diarioregionaldigital.com.br\/index.php?rest_route=%2Fwp%2Fv2%2Fmedia&parent=185870"}],"wp:term":[{"taxonomy":"category","embeddable":true,"href":"https:\/\/diarioregionaldigital.com.br\/index.php?rest_route=%2Fwp%2Fv2%2Fcategories&post=185870"},{"taxonomy":"post_tag","embeddable":true,"href":"https:\/\/diarioregionaldigital.com.br\/index.php?rest_route=%2Fwp%2Fv2%2Ftags&post=185870"}],"curies":[{"name":"wp","href":"https:\/\/api.w.org\/{rel}","templated":true}]}}