{"id":185862,"date":"2021-07-23T15:34:05","date_gmt":"2021-07-23T18:34:05","guid":{"rendered":"https:\/\/diarioregionaldigital.com.br\/?p=185862"},"modified":"2021-07-23T15:34:05","modified_gmt":"2021-07-23T18:34:05","slug":"conselho-municipal-de-seguranca-elege-nova-presidencia","status":"publish","type":"post","link":"https:\/\/diarioregionaldigital.com.br\/?p=185862","title":{"rendered":"Conselho Municipal de Seguran\u00e7a elege nova presid\u00eancia"},"content":{"rendered":"<p>O Conselho Municipal de Seguran\u00e7a Urbana e Cidadania (Comsuc) realizou elei\u00e7\u00e3o para a presid\u00eancia da sua mesa diretora nesta quinta-feira, 22. Em candidatura \u00fanica, a titular da Secretaria de Seguran\u00e7a Urbana e Cidadania (Sesuc), Let\u00edcia Paiva Delgado, foi a escolhida por aclama\u00e7\u00e3o. A elei\u00e7\u00e3o ocorreu em reuni\u00e3o extraordin\u00e1ria, em raz\u00e3o da vac\u00e2ncia do cargo ap\u00f3s a sa\u00edda do ent\u00e3o presidente Fernando Tadeu David, que passou a responder pela pasta do Transporte no munic\u00edpio, em 21 de junho. A gest\u00e3o da mesa diretora \u00e9 de dois anos.<\/p>\n<p>Segundo informa\u00e7\u00f5es do site da Prefeitura de Juiz de Fora, composto por representantes de diversos setores da sociedade civil organizada, do poder p\u00fablico, \u00f3rg\u00e3os de representa\u00e7\u00e3o profissional e trabalhadores da \u00e1rea de seguran\u00e7a, o Comsuc delegou \u00e0 atual gestora da Sesuc a condu\u00e7\u00e3o dos trabalhos, j\u00e1 acompanhados de perto por ela. Let\u00edcia Paiva Delgado \u00e9 uma estudiosa do tema seguran\u00e7a p\u00fablica municipal, incentivadora da cria\u00e7\u00e3o do conselho e ativa participante dele desde sua implanta\u00e7\u00e3o em 2020.<\/p>\n<p>Tornar o trabalho do \u00f3rg\u00e3o cada vez mais efetivo \u00e9 objetivo da presidente. \u201cA gente vai avan\u00e7ar nas pol\u00edticas de seguran\u00e7a, buscando alternativas para defini\u00e7\u00e3o de novos projetos no \u00e2mbito do munic\u00edpio. Vamos estreitar rela\u00e7\u00f5es no sentido de conhecer e de integrar os parceiros deste \u00f3rg\u00e3o. Afinal, a integra\u00e7\u00e3o de for\u00e7as \u00e9 o que move um conselho como o nosso\u201d, afirmou a secret\u00e1ria.<\/p>\n<p>O Comsuc \u00e9 um \u00f3rg\u00e3o colegiado permanente, de compet\u00eancia consultiva, sugestiva e acompanhamento das atividades de seguran\u00e7a p\u00fablica e defesa social no \u00e2mbito do Munic\u00edpio. Sua cria\u00e7\u00e3o propicia o incremento da participa\u00e7\u00e3o popular nas decis\u00f5es do setor. Os 30 conselheiros conferem pluralidade \u00e0s discuss\u00f5es, estabelecendo, de forma definitiva, a participa\u00e7\u00e3o popular nas decis\u00f5es do setor.<\/p>\n<p>Pleito antigo da comunidade e das pr\u00f3prias for\u00e7as de seguran\u00e7a do Munic\u00edpio, a origem do conselho remonta \u00e0 1\u00aa Confer\u00eancia Municipal de Seguran\u00e7a P\u00fablica realizada em Juiz de Fora, em 2019. Sua implanta\u00e7\u00e3o faz parte da proposta de reformula\u00e7\u00e3o de processos, estabelecida em plano de a\u00e7\u00e3o da Guarda Municipal, de 2019, constando como meta n\u00famero um na diretriz de a\u00e7\u00f5es integradas. Dentre as fun\u00e7\u00f5es principais do conselho est\u00e1 propor diretrizes para a implementa\u00e7\u00e3o das pol\u00edticas p\u00fablicas de seguran\u00e7a no munic\u00edpio.<\/p>\n","protected":false},"excerpt":{"rendered":"<p>O Conselho Municipal de Seguran\u00e7a Urbana e Cidadania (Comsuc) realizou elei\u00e7\u00e3o para a presid\u00eancia da sua mesa diretora nesta quinta-feira, 22. Em candidatura \u00fanica, a titular da Secretaria de Seguran\u00e7a Urbana e Cidadania (Sesuc), Let\u00edcia Paiva Delgado, foi a escolhida por aclama\u00e7\u00e3o. A elei\u00e7\u00e3o ocorreu em reuni\u00e3o extraordin\u00e1ria, em raz\u00e3o da vac\u00e2ncia do cargo ap\u00f3s [&hellip;]<\/p>\n","protected":false},"author":246,"featured_media":185863,"comment_status":"closed","ping_status":"closed","sticky":false,"template":"","format":"standard","meta":{"footnotes":""},"categories":[253,436,439],"tags":[],"class_list":["post-185862","post","type-post","status-publish","format-standard","has-post-thumbnail","hentry","category-cidade","category-destaque-da-semana","category-ultima-hora"],"_links":{"self":[{"href":"https:\/\/diarioregionaldigital.com.br\/index.php?rest_route=\/wp\/v2\/posts\/185862","targetHints":{"allow":["GET"]}}],"collection":[{"href":"https:\/\/diarioregionaldigital.com.br\/index.php?rest_route=\/wp\/v2\/posts"}],"about":[{"href":"https:\/\/diarioregionaldigital.com.br\/index.php?rest_route=\/wp\/v2\/types\/post"}],"author":[{"embeddable":true,"href":"https:\/\/diarioregionaldigital.com.br\/index.php?rest_route=\/wp\/v2\/users\/246"}],"replies":[{"embeddable":true,"href":"https:\/\/diarioregionaldigital.com.br\/index.php?rest_route=%2Fwp%2Fv2%2Fcomments&post=185862"}],"version-history":[{"count":1,"href":"https:\/\/diarioregionaldigital.com.br\/index.php?rest_route=\/wp\/v2\/posts\/185862\/revisions"}],"predecessor-version":[{"id":185864,"href":"https:\/\/diarioregionaldigital.com.br\/index.php?rest_route=\/wp\/v2\/posts\/185862\/revisions\/185864"}],"wp:featuredmedia":[{"embeddable":true,"href":"https:\/\/diarioregionaldigital.com.br\/index.php?rest_route=\/wp\/v2\/media\/185863"}],"wp:attachment":[{"href":"https:\/\/diarioregionaldigital.com.br\/index.php?rest_route=%2Fwp%2Fv2%2Fmedia&parent=185862"}],"wp:term":[{"taxonomy":"category","embeddable":true,"href":"https:\/\/diarioregionaldigital.com.br\/index.php?rest_route=%2Fwp%2Fv2%2Fcategories&post=185862"},{"taxonomy":"post_tag","embeddable":true,"href":"https:\/\/diarioregionaldigital.com.br\/index.php?rest_route=%2Fwp%2Fv2%2Ftags&post=185862"}],"curies":[{"name":"wp","href":"https:\/\/api.w.org\/{rel}","templated":true}]}}