{"id":185858,"date":"2021-07-23T15:31:43","date_gmt":"2021-07-23T18:31:43","guid":{"rendered":"https:\/\/diarioregionaldigital.com.br\/?p=185858"},"modified":"2021-07-23T15:31:43","modified_gmt":"2021-07-23T18:31:43","slug":"diretores-da-aban-apresentam-projetos-em-reuniao-na-pjf","status":"publish","type":"post","link":"https:\/\/diarioregionaldigital.com.br\/?p=185858","title":{"rendered":"Diretores da Aban apresentam projetos em reuni\u00e3o na PJF"},"content":{"rendered":"<p>A Prefeitura de Juiz de Fora (PJF) recebeu na tarde desta quarta-feira, 21, os diretores da Associa\u00e7\u00e3o Beneficente e Cultural Amigos do Noivo (Aban), Renato Lopes e Nely Falabella. Acompanhados do vereador Marlon Siqueira, os representantes da entidade participaram de reuni\u00e3o com a secret\u00e1ria de governo, Cidinha Louzada; com a secret\u00e1ria de Agricultura, Pecu\u00e1ria e Abastecimento, Fabiola Paulino da Silva; e com o subsecret\u00e1rio Richard Tavares, que coordena o Gabinete de A\u00e7\u00e3o e Di\u00e1logo Comunit\u00e1rio (GADC).<\/p>\n<p>Segundo informa\u00e7\u00f5es do site da Prefeitura de Juiz de Fora, no encontro, foram apresentados os projetos desenvolvidos pela Aban relacionados \u00e0 preserva\u00e7\u00e3o do meio ambiente, ao cuidado com os animais e ao apoio \u00e0 popula\u00e7\u00e3o em situa\u00e7\u00e3o de vulnerabilidade social. Entre as a\u00e7\u00f5es adotadas pela associa\u00e7\u00e3o, h\u00e1 o incentivo ao uso de ervas medicinais no bairro Dom Bosco e a cria\u00e7\u00e3o de uma Reserva Particular do Patrim\u00f4nio Natural, que tem como objetivo contribuir para a preserva\u00e7\u00e3o da fauna e da flora da Mata Atl\u00e2ntica. A Reserva \u00e9 uma proposta conjunta da Aban e do Instituto Humana e ser\u00e1 no <a href=\"https:\/\/santuario.aban.org.br\/\"><b>\u201cSantu\u00e1rio\u201d<\/b><\/a>, fazenda localizada ao redor de Juiz de Fora.<\/p>\n<p>A dire\u00e7\u00e3o da Aban tamb\u00e9m teve a oportunidade de conhecer os trabalhos que est\u00e3o sendo realizados pela PJF no que tange ao incentivo \u00e0 agricultura familiar, \u00e0 planta\u00e7\u00e3o de mudas e \u00e0 capacita\u00e7\u00e3o de pessoas em situa\u00e7\u00e3o de vulnerabilidade social. A secret\u00e1ria de Governo, Cidinha Louzada, destaca a import\u00e2ncia do contato com a associa\u00e7\u00e3o. \u201cFoi \u00f3timo ouvir sobre os projetos desenvolvidos na Aban porque coincidem com muitas ideias que queremos colocar em pr\u00e1tica no munic\u00edpio. A experi\u00eancia da associa\u00e7\u00e3o \u00e9 muito grande e vai contribuir para as propostas que estamos discutindo diariamente na Secretaria de Governo\u201d, afirma.<\/p>\n","protected":false},"excerpt":{"rendered":"<p>A Prefeitura de Juiz de Fora (PJF) recebeu na tarde desta quarta-feira, 21, os diretores da Associa\u00e7\u00e3o Beneficente e Cultural Amigos do Noivo (Aban), Renato Lopes e Nely Falabella. Acompanhados do vereador Marlon Siqueira, os representantes da entidade participaram de reuni\u00e3o com a secret\u00e1ria de governo, Cidinha Louzada; com a secret\u00e1ria de Agricultura, Pecu\u00e1ria e [&hellip;]<\/p>\n","protected":false},"author":246,"featured_media":185859,"comment_status":"closed","ping_status":"closed","sticky":false,"template":"","format":"standard","meta":{"footnotes":""},"categories":[253,436,439],"tags":[],"class_list":["post-185858","post","type-post","status-publish","format-standard","has-post-thumbnail","hentry","category-cidade","category-destaque-da-semana","category-ultima-hora"],"_links":{"self":[{"href":"https:\/\/diarioregionaldigital.com.br\/index.php?rest_route=\/wp\/v2\/posts\/185858","targetHints":{"allow":["GET"]}}],"collection":[{"href":"https:\/\/diarioregionaldigital.com.br\/index.php?rest_route=\/wp\/v2\/posts"}],"about":[{"href":"https:\/\/diarioregionaldigital.com.br\/index.php?rest_route=\/wp\/v2\/types\/post"}],"author":[{"embeddable":true,"href":"https:\/\/diarioregionaldigital.com.br\/index.php?rest_route=\/wp\/v2\/users\/246"}],"replies":[{"embeddable":true,"href":"https:\/\/diarioregionaldigital.com.br\/index.php?rest_route=%2Fwp%2Fv2%2Fcomments&post=185858"}],"version-history":[{"count":2,"href":"https:\/\/diarioregionaldigital.com.br\/index.php?rest_route=\/wp\/v2\/posts\/185858\/revisions"}],"predecessor-version":[{"id":185861,"href":"https:\/\/diarioregionaldigital.com.br\/index.php?rest_route=\/wp\/v2\/posts\/185858\/revisions\/185861"}],"wp:featuredmedia":[{"embeddable":true,"href":"https:\/\/diarioregionaldigital.com.br\/index.php?rest_route=\/wp\/v2\/media\/185859"}],"wp:attachment":[{"href":"https:\/\/diarioregionaldigital.com.br\/index.php?rest_route=%2Fwp%2Fv2%2Fmedia&parent=185858"}],"wp:term":[{"taxonomy":"category","embeddable":true,"href":"https:\/\/diarioregionaldigital.com.br\/index.php?rest_route=%2Fwp%2Fv2%2Fcategories&post=185858"},{"taxonomy":"post_tag","embeddable":true,"href":"https:\/\/diarioregionaldigital.com.br\/index.php?rest_route=%2Fwp%2Fv2%2Ftags&post=185858"}],"curies":[{"name":"wp","href":"https:\/\/api.w.org\/{rel}","templated":true}]}}