{"id":185855,"date":"2021-07-23T15:29:34","date_gmt":"2021-07-23T18:29:34","guid":{"rendered":"https:\/\/diarioregionaldigital.com.br\/?p=185855"},"modified":"2021-07-23T15:29:34","modified_gmt":"2021-07-23T18:29:34","slug":"parque-da-lajinha-amplia-funcionamento-neste-sabado-24","status":"publish","type":"post","link":"https:\/\/diarioregionaldigital.com.br\/?p=185855","title":{"rendered":"Parque da Lajinha amplia funcionamento neste s\u00e1bado, 24"},"content":{"rendered":"<p>A partir deste s\u00e1bado, dia 24, ser\u00e3o expandidos o hor\u00e1rio de funcionamento e a limita\u00e7\u00e3o de pessoas que podem permanecer ao mesmo tempo no Parque Municipal da Lajinha. Com a determina\u00e7\u00e3o, o hor\u00e1rio de funcionamento ser\u00e1 das 8h \u00e0s 16h, de ter\u00e7a-feira a domingo, e ser\u00e3o autorizadas a perman\u00eancia de at\u00e9 400 pessoas ao mesmo tempo no local. Segundo informa\u00e7\u00f5es do site da Prefeitura de Juiz de Fora, a mudan\u00e7a foi poss\u00edvel gra\u00e7as \u00e0 melhora nos \u00edndices epidemiol\u00f3gicos, com o avan\u00e7o do munic\u00edpio para faixa amarela.<\/p>\n<p>Desde a \u00faltima reabertura, durante a faixa laranja, estavam permitidas a perman\u00eancia de 200 pessoas ao mesmo tempo e o hor\u00e1rio de funcionamento era das 8h \u00e0s 14h, de ter\u00e7a-feira a domingo.<\/p>\n<p><b>Regras de Funcionamento<\/b><\/p>\n<p>A Sesmaur conta com a colabora\u00e7\u00e3o de toda a popula\u00e7\u00e3o no cumprimento das regras de funcionamento do Parque, sobretudo sobre o uso de m\u00e1scaras durante toda a perman\u00eancia no local. Continuar\u00e3o suspensos os ensaios fotogr\u00e1ficos, a realiza\u00e7\u00e3o de eventos e piqueniques, a utiliza\u00e7\u00e3o dos parques infantis e aparelhos de gin\u00e1stica. O uso dos bebedouros somente ser\u00e1 permitido com garrafas ou copos, sendo proibido o jato diretamente na boca. O servi\u00e7o de pedalinho ser\u00e1 mantido, seguindo cuidados, como a distribui\u00e7\u00e3o de senhas para evitar filas, a utiliza\u00e7\u00e3o do \u00e1lcool nas m\u00e3os e tamb\u00e9m na higieniza\u00e7\u00e3o dos equipamentos e coletes. Na fila para entrada, haver\u00e1 a aferi\u00e7\u00e3o da temperatura e dever\u00e1 ser mantida a dist\u00e2ncia m\u00ednima de dois metros entre as pessoas.<\/p>\n<p><b>Campanha JF Solid\u00e1ria<\/b><\/p>\n<p>Est\u00e1 dispon\u00edvel no Parque um posto para arrecada\u00e7\u00e3o de alimentos n\u00e3o perec\u00edveis, produtos de higiene, agasalhos, cobertores, descart\u00e1veis, que ser\u00e3o doados para a Campanha \u201cJuiz de Fora Solid\u00e1ria \u201d.<\/p>\n","protected":false},"excerpt":{"rendered":"<p>A partir deste s\u00e1bado, dia 24, ser\u00e3o expandidos o hor\u00e1rio de funcionamento e a limita\u00e7\u00e3o de pessoas que podem permanecer ao mesmo tempo no Parque Municipal da Lajinha. Com a determina\u00e7\u00e3o, o hor\u00e1rio de funcionamento ser\u00e1 das 8h \u00e0s 16h, de ter\u00e7a-feira a domingo, e ser\u00e3o autorizadas a perman\u00eancia de at\u00e9 400 pessoas ao mesmo [&hellip;]<\/p>\n","protected":false},"author":246,"featured_media":185856,"comment_status":"closed","ping_status":"closed","sticky":false,"template":"","format":"standard","meta":{"footnotes":""},"categories":[253,436,439],"tags":[],"class_list":["post-185855","post","type-post","status-publish","format-standard","has-post-thumbnail","hentry","category-cidade","category-destaque-da-semana","category-ultima-hora"],"_links":{"self":[{"href":"https:\/\/diarioregionaldigital.com.br\/index.php?rest_route=\/wp\/v2\/posts\/185855","targetHints":{"allow":["GET"]}}],"collection":[{"href":"https:\/\/diarioregionaldigital.com.br\/index.php?rest_route=\/wp\/v2\/posts"}],"about":[{"href":"https:\/\/diarioregionaldigital.com.br\/index.php?rest_route=\/wp\/v2\/types\/post"}],"author":[{"embeddable":true,"href":"https:\/\/diarioregionaldigital.com.br\/index.php?rest_route=\/wp\/v2\/users\/246"}],"replies":[{"embeddable":true,"href":"https:\/\/diarioregionaldigital.com.br\/index.php?rest_route=%2Fwp%2Fv2%2Fcomments&post=185855"}],"version-history":[{"count":1,"href":"https:\/\/diarioregionaldigital.com.br\/index.php?rest_route=\/wp\/v2\/posts\/185855\/revisions"}],"predecessor-version":[{"id":185857,"href":"https:\/\/diarioregionaldigital.com.br\/index.php?rest_route=\/wp\/v2\/posts\/185855\/revisions\/185857"}],"wp:featuredmedia":[{"embeddable":true,"href":"https:\/\/diarioregionaldigital.com.br\/index.php?rest_route=\/wp\/v2\/media\/185856"}],"wp:attachment":[{"href":"https:\/\/diarioregionaldigital.com.br\/index.php?rest_route=%2Fwp%2Fv2%2Fmedia&parent=185855"}],"wp:term":[{"taxonomy":"category","embeddable":true,"href":"https:\/\/diarioregionaldigital.com.br\/index.php?rest_route=%2Fwp%2Fv2%2Fcategories&post=185855"},{"taxonomy":"post_tag","embeddable":true,"href":"https:\/\/diarioregionaldigital.com.br\/index.php?rest_route=%2Fwp%2Fv2%2Ftags&post=185855"}],"curies":[{"name":"wp","href":"https:\/\/api.w.org\/{rel}","templated":true}]}}