{"id":185852,"date":"2021-07-23T15:27:01","date_gmt":"2021-07-23T18:27:01","guid":{"rendered":"https:\/\/diarioregionaldigital.com.br\/?p=185852"},"modified":"2021-07-23T15:27:01","modified_gmt":"2021-07-23T18:27:01","slug":"prefeita-margarida-salomao-instaura-comite-gestor-do-sistema-de-transporte-coletivo","status":"publish","type":"post","link":"https:\/\/diarioregionaldigital.com.br\/?p=185852","title":{"rendered":"Prefeita Margarida Salom\u00e3o instaura Comit\u00ea Gestor do Sistema de Transporte Coletivo"},"content":{"rendered":"<p>Criado no \u00faltimo dia 15 de julho, por meio da lei municipal 14.209, o Comit\u00ea Gestor do Sistema de Transporte Coletivo Urbano foi aberto oficialmente pela prefeita Margarida Salom\u00e3o nesta quinta-feira, 22, durante encontro realizado no pr\u00e9dio-sede da Prefeitura de Juiz de Fora (PJF). Segundo informa\u00e7\u00f5es do site da Prefeitura de Juiz de Fora, o dispositivo \u00e9 mais um resultado da Mesa de Di\u00e1logo e Media\u00e7\u00e3o de Conflitos, criada para remodelar todo o sistema de transporte coletivo da cidade e conclu\u00edda no final do m\u00eas de junho.<\/p>\n<p>\u201cDeclaro instaurado o comit\u00ea gestor, que \u00e9 uma medida inovadora e in\u00e9dita. \u00c9 uma proposta corajosa e contempor\u00e2nea que estamos implantando no Munic\u00edpio para assegurar o direito do cidad\u00e3o ao transporte coletivo, o que implica em garantir a sa\u00fade financeira do sistema e o emprego e o direito de todos os trabalhadores\u201d, ressaltou a prefeita no seu discurso de abertura dos trabalhos. Em seguida, Margarida empossou o secret\u00e1rio de Mobilidade Urbana, Fernando Tadeu David, como presidente do comit\u00ea e respons\u00e1vel pela condu\u00e7\u00e3o dos di\u00e1logos. \u201cQueremos manter um debate franco, aberto e transparente para que possamos chegar ao resultado final, que \u00e9 a melhoria do transporte p\u00fablico da cidade\u201d, declarou o secret\u00e1rio.<\/p>\n<p>Ap\u00f3s a abertura da reuni\u00e3o, foi estabelecido o cronograma de encontros e as primeiras pautas a serem trabalhadas. O pr\u00f3ximo ficou agendado para o dia 2 de agosto, \u00e0s 16 horas. O Comit\u00ea Gestor do Sistema de Transporte Coletivo Urbano t\u00eam como fun\u00e7\u00e3o fiscalizar a boa presta\u00e7\u00e3o do servi\u00e7o de transporte coletivo urbano e a arrecada\u00e7\u00e3o das tarifas p\u00fablicas, al\u00e9m de gerir atividades inerentes ao custeio e investimentos necess\u00e1rios \u00e0 presta\u00e7\u00e3o do servi\u00e7o no Munic\u00edpio. Sua constitui\u00e7\u00e3o conta com representantes de cada uma das seguintes secretarias: Mobilidade Urbana (SMU), Governo (SG), Planejamento do Territ\u00f3rio e Participa\u00e7\u00e3o Popular (Seppop) e Fazenda (SF); al\u00e9m de um representante de cada cons\u00f3rcio de empresas de transporte coletivo; um dos trabalhadores rodovi\u00e1rios indicado pelo Sindicato da categoria; e um representante dos usu\u00e1rios, que ainda ser\u00e1 designado pelo Conselho Municipal de Transporte.<\/p>\n","protected":false},"excerpt":{"rendered":"<p>Criado no \u00faltimo dia 15 de julho, por meio da lei municipal 14.209, o Comit\u00ea Gestor do Sistema de Transporte Coletivo Urbano foi aberto oficialmente pela prefeita Margarida Salom\u00e3o nesta quinta-feira, 22, durante encontro realizado no pr\u00e9dio-sede da Prefeitura de Juiz de Fora (PJF). Segundo informa\u00e7\u00f5es do site da Prefeitura de Juiz de Fora, o [&hellip;]<\/p>\n","protected":false},"author":246,"featured_media":185853,"comment_status":"closed","ping_status":"closed","sticky":false,"template":"","format":"standard","meta":{"footnotes":""},"categories":[253,440,439],"tags":[],"class_list":["post-185852","post","type-post","status-publish","format-standard","has-post-thumbnail","hentry","category-cidade","category-destaques-do-dia","category-ultima-hora"],"_links":{"self":[{"href":"https:\/\/diarioregionaldigital.com.br\/index.php?rest_route=\/wp\/v2\/posts\/185852","targetHints":{"allow":["GET"]}}],"collection":[{"href":"https:\/\/diarioregionaldigital.com.br\/index.php?rest_route=\/wp\/v2\/posts"}],"about":[{"href":"https:\/\/diarioregionaldigital.com.br\/index.php?rest_route=\/wp\/v2\/types\/post"}],"author":[{"embeddable":true,"href":"https:\/\/diarioregionaldigital.com.br\/index.php?rest_route=\/wp\/v2\/users\/246"}],"replies":[{"embeddable":true,"href":"https:\/\/diarioregionaldigital.com.br\/index.php?rest_route=%2Fwp%2Fv2%2Fcomments&post=185852"}],"version-history":[{"count":1,"href":"https:\/\/diarioregionaldigital.com.br\/index.php?rest_route=\/wp\/v2\/posts\/185852\/revisions"}],"predecessor-version":[{"id":185854,"href":"https:\/\/diarioregionaldigital.com.br\/index.php?rest_route=\/wp\/v2\/posts\/185852\/revisions\/185854"}],"wp:featuredmedia":[{"embeddable":true,"href":"https:\/\/diarioregionaldigital.com.br\/index.php?rest_route=\/wp\/v2\/media\/185853"}],"wp:attachment":[{"href":"https:\/\/diarioregionaldigital.com.br\/index.php?rest_route=%2Fwp%2Fv2%2Fmedia&parent=185852"}],"wp:term":[{"taxonomy":"category","embeddable":true,"href":"https:\/\/diarioregionaldigital.com.br\/index.php?rest_route=%2Fwp%2Fv2%2Fcategories&post=185852"},{"taxonomy":"post_tag","embeddable":true,"href":"https:\/\/diarioregionaldigital.com.br\/index.php?rest_route=%2Fwp%2Fv2%2Ftags&post=185852"}],"curies":[{"name":"wp","href":"https:\/\/api.w.org\/{rel}","templated":true}]}}