{"id":185849,"date":"2021-07-23T15:19:54","date_gmt":"2021-07-23T18:19:54","guid":{"rendered":"https:\/\/diarioregionaldigital.com.br\/?p=185849"},"modified":"2021-07-23T15:19:54","modified_gmt":"2021-07-23T18:19:54","slug":"cresce-oposicao-a-proibicao-de-protestos-no-podio-dos-jogos-de-toquio","status":"publish","type":"post","link":"https:\/\/diarioregionaldigital.com.br\/?p=185849","title":{"rendered":"Cresce oposi\u00e7\u00e3o \u00e0 proibi\u00e7\u00e3o de protestos no p\u00f3dio dos Jogos de T\u00f3quio"},"content":{"rendered":"<p>A oposi\u00e7\u00e3o \u00e0 proibi\u00e7\u00e3o do Comit\u00ea Ol\u00edmpico Internacional a protestos no p\u00f3dio durante os Jogos de T\u00f3quio se intensificou nesta sexta-feira (23), com mais de 150 atletas, acad\u00eamicos e ativistas de justi\u00e7a social assinando uma carta aberta exigindo mudan\u00e7as na\u00a0Regra 50.<img decoding=\"async\" src=\"https:\/\/agenciabrasil.ebc.com.br\/ebc.png?id=1416176&amp;o=node\" \/><img decoding=\"async\" src=\"https:\/\/agenciabrasil.ebc.com.br\/ebc.gif?id=1416176&amp;o=node\" \/><\/p>\n<p>O COI relaxou no come\u00e7o deste m\u00eas a regra que proibia atletas de realizar qualquer protesto, e agora permite que eles fa\u00e7am gestos no campo da competi\u00e7\u00e3o, desde que n\u00e3o causem perturba\u00e7\u00f5es e respeitem os seus colegas competidores.<\/p>\n<p>No entanto, ainda h\u00e1 a amea\u00e7a de san\u00e7\u00f5es se os protestos forem feitos no p\u00f3dio durante os Jogos.<\/p>\n<p>A carta diz\u00a0que acrescenta\u00a0uma &#8220;voz coletiva&#8221; aos pedidos para modificar a Regra 50.<\/p>\n<p>&#8220;Acreditamos que a comunidade global do esporte est\u00e1 em um ponto de inflex\u00e3o em quest\u00f5es raciais e de justi\u00e7a social, e pedimos que voc\u00eas, como l\u00edderes dos movimentos ol\u00edmpicos e paral\u00edmpicos, tenham um compromisso maior com os direitos humanos, a justi\u00e7a racial\/social e a inclus\u00e3o social&#8221;, disse a carta.<\/p>\n<p>Entre os signat\u00e1rios, est\u00e3o os corredores negros norte-americanos Tommie Smith e John Carlos, expulsos das Olimp\u00edadas de 1968 ap\u00f3s abaixarem a cabe\u00e7a e erguerem o punho com luvas negras no p\u00f3dio em protesto contra a desigualdade racial.<\/p>\n<p>A carta pediu que nenhuma puni\u00e7\u00e3o fosse imposta em atletas que protestassem no p\u00f3dio no Jap\u00e3o e exigiu uma revis\u00e3o da Regra 50 ap\u00f3s a Olimp\u00edada de Inverno de Pequim do pr\u00f3ximo ano.<\/p>\n<p><span style=\"font-weight: 400;\">Fonte: Ag\u00eancia Brasil <\/span><\/p>\n","protected":false},"excerpt":{"rendered":"<p>A oposi\u00e7\u00e3o \u00e0 proibi\u00e7\u00e3o do Comit\u00ea Ol\u00edmpico Internacional a protestos no p\u00f3dio durante os Jogos de T\u00f3quio se intensificou nesta sexta-feira (23), com mais de 150 atletas, acad\u00eamicos e ativistas de justi\u00e7a social assinando uma carta aberta exigindo mudan\u00e7as na\u00a0Regra 50. O COI relaxou no come\u00e7o deste m\u00eas a regra que proibia atletas de realizar [&hellip;]<\/p>\n","protected":false},"author":246,"featured_media":185850,"comment_status":"closed","ping_status":"closed","sticky":false,"template":"","format":"standard","meta":{"footnotes":""},"categories":[436,257,439],"tags":[],"class_list":["post-185849","post","type-post","status-publish","format-standard","has-post-thumbnail","hentry","category-destaque-da-semana","category-esporte","category-ultima-hora"],"_links":{"self":[{"href":"https:\/\/diarioregionaldigital.com.br\/index.php?rest_route=\/wp\/v2\/posts\/185849","targetHints":{"allow":["GET"]}}],"collection":[{"href":"https:\/\/diarioregionaldigital.com.br\/index.php?rest_route=\/wp\/v2\/posts"}],"about":[{"href":"https:\/\/diarioregionaldigital.com.br\/index.php?rest_route=\/wp\/v2\/types\/post"}],"author":[{"embeddable":true,"href":"https:\/\/diarioregionaldigital.com.br\/index.php?rest_route=\/wp\/v2\/users\/246"}],"replies":[{"embeddable":true,"href":"https:\/\/diarioregionaldigital.com.br\/index.php?rest_route=%2Fwp%2Fv2%2Fcomments&post=185849"}],"version-history":[{"count":1,"href":"https:\/\/diarioregionaldigital.com.br\/index.php?rest_route=\/wp\/v2\/posts\/185849\/revisions"}],"predecessor-version":[{"id":185851,"href":"https:\/\/diarioregionaldigital.com.br\/index.php?rest_route=\/wp\/v2\/posts\/185849\/revisions\/185851"}],"wp:featuredmedia":[{"embeddable":true,"href":"https:\/\/diarioregionaldigital.com.br\/index.php?rest_route=\/wp\/v2\/media\/185850"}],"wp:attachment":[{"href":"https:\/\/diarioregionaldigital.com.br\/index.php?rest_route=%2Fwp%2Fv2%2Fmedia&parent=185849"}],"wp:term":[{"taxonomy":"category","embeddable":true,"href":"https:\/\/diarioregionaldigital.com.br\/index.php?rest_route=%2Fwp%2Fv2%2Fcategories&post=185849"},{"taxonomy":"post_tag","embeddable":true,"href":"https:\/\/diarioregionaldigital.com.br\/index.php?rest_route=%2Fwp%2Fv2%2Ftags&post=185849"}],"curies":[{"name":"wp","href":"https:\/\/api.w.org\/{rel}","templated":true}]}}