{"id":185845,"date":"2021-07-23T15:17:32","date_gmt":"2021-07-23T18:17:32","guid":{"rendered":"https:\/\/diarioregionaldigital.com.br\/?p=185845"},"modified":"2021-07-23T15:17:32","modified_gmt":"2021-07-23T18:17:32","slug":"olimpiada-ane-marcelle-se-classifica-como-33a-no-tiro-com-arco","status":"publish","type":"post","link":"https:\/\/diarioregionaldigital.com.br\/?p=185845","title":{"rendered":"Olimp\u00edada: Ane Marcelle se classifica como 33\u00aa no tiro com arco"},"content":{"rendered":"<p>A arqueira brasileira Ane Marcelle come\u00e7ou a sua participa\u00e7\u00e3o na Olimp\u00edada de T\u00f3quio (Jap\u00e3o) alcan\u00e7ando a 33\u00aa posi\u00e7\u00e3o na etapa do ranqueamento do tiro com arco. Para isto, a carioca de 27 anos alcan\u00e7ou 636 pontos na disputa realizada na noite desta quinta-feira (22) no Campo de Tiro com Arco de Yumenoshima.<img decoding=\"async\" src=\"https:\/\/agenciabrasil.ebc.com.br\/ebc.png?id=1416140&amp;o=node\" \/><img decoding=\"async\" src=\"https:\/\/agenciabrasil.ebc.com.br\/ebc.gif?id=1416140&amp;o=node\" \/><\/p>\n<p>Ap\u00f3s este resultado, na pr\u00f3xima fase, que \u00e9 eliminat\u00f3ria, Ane Marcelle enfrenta a mexicana Ana Vazquez, que finalizou a etapa classificat\u00f3ria na 32\u00aa posi\u00e7\u00e3o com um ponto a mais do que a brasileira. A disputa acontece na pr\u00f3xima quinta-feira (27), a partir das 5h57 (hor\u00e1rio de Bras\u00edlia).<\/p>\n<p><strong>Quebra de recorde<\/strong><\/p>\n<p>A etapa do ranqueamento, que define os cruzamentos das fases eliminat\u00f3rias da modalidade sem eliminar da disputa nenhuma atleta, teve um alto n\u00edvel t\u00e9cnico. As quatro primeiras colocadas bateram o recorde ol\u00edmpico, que era de 1996. A l\u00edder dessa fase foi a sul-coreana San An, com 680 pontos, que foi seguida por duas conterr\u00e2neas, Jang M, com 677 pontos, e Kang Chae, com 675. A quarta colocada foi a italiana Alejandra Valencia, com 674 pontos. O recorde anterior era da ucraniana Lherasymenko Herasymenko, com 673 pontos.<\/p>\n<p><span style=\"font-weight: 400;\">Fonte: Ag\u00eancia Brasil <\/span><\/p>\n","protected":false},"excerpt":{"rendered":"<p>A arqueira brasileira Ane Marcelle come\u00e7ou a sua participa\u00e7\u00e3o na Olimp\u00edada de T\u00f3quio (Jap\u00e3o) alcan\u00e7ando a 33\u00aa posi\u00e7\u00e3o na etapa do ranqueamento do tiro com arco. Para isto, a carioca de 27 anos alcan\u00e7ou 636 pontos na disputa realizada na noite desta quinta-feira (22) no Campo de Tiro com Arco de Yumenoshima. Ap\u00f3s este resultado, [&hellip;]<\/p>\n","protected":false},"author":246,"featured_media":185846,"comment_status":"closed","ping_status":"closed","sticky":false,"template":"","format":"standard","meta":{"footnotes":""},"categories":[436,257,439],"tags":[],"class_list":["post-185845","post","type-post","status-publish","format-standard","has-post-thumbnail","hentry","category-destaque-da-semana","category-esporte","category-ultima-hora"],"_links":{"self":[{"href":"https:\/\/diarioregionaldigital.com.br\/index.php?rest_route=\/wp\/v2\/posts\/185845","targetHints":{"allow":["GET"]}}],"collection":[{"href":"https:\/\/diarioregionaldigital.com.br\/index.php?rest_route=\/wp\/v2\/posts"}],"about":[{"href":"https:\/\/diarioregionaldigital.com.br\/index.php?rest_route=\/wp\/v2\/types\/post"}],"author":[{"embeddable":true,"href":"https:\/\/diarioregionaldigital.com.br\/index.php?rest_route=\/wp\/v2\/users\/246"}],"replies":[{"embeddable":true,"href":"https:\/\/diarioregionaldigital.com.br\/index.php?rest_route=%2Fwp%2Fv2%2Fcomments&post=185845"}],"version-history":[{"count":2,"href":"https:\/\/diarioregionaldigital.com.br\/index.php?rest_route=\/wp\/v2\/posts\/185845\/revisions"}],"predecessor-version":[{"id":185848,"href":"https:\/\/diarioregionaldigital.com.br\/index.php?rest_route=\/wp\/v2\/posts\/185845\/revisions\/185848"}],"wp:featuredmedia":[{"embeddable":true,"href":"https:\/\/diarioregionaldigital.com.br\/index.php?rest_route=\/wp\/v2\/media\/185846"}],"wp:attachment":[{"href":"https:\/\/diarioregionaldigital.com.br\/index.php?rest_route=%2Fwp%2Fv2%2Fmedia&parent=185845"}],"wp:term":[{"taxonomy":"category","embeddable":true,"href":"https:\/\/diarioregionaldigital.com.br\/index.php?rest_route=%2Fwp%2Fv2%2Fcategories&post=185845"},{"taxonomy":"post_tag","embeddable":true,"href":"https:\/\/diarioregionaldigital.com.br\/index.php?rest_route=%2Fwp%2Fv2%2Ftags&post=185845"}],"curies":[{"name":"wp","href":"https:\/\/api.w.org\/{rel}","templated":true}]}}