{"id":185838,"date":"2021-07-23T15:12:29","date_gmt":"2021-07-23T18:12:29","guid":{"rendered":"https:\/\/diarioregionaldigital.com.br\/?p=185838"},"modified":"2021-07-23T15:12:29","modified_gmt":"2021-07-23T18:12:29","slug":"japao-declara-abertos-os-jogos-olimpicos-de-toquio","status":"publish","type":"post","link":"https:\/\/diarioregionaldigital.com.br\/?p=185838","title":{"rendered":"Jap\u00e3o declara abertos os Jogos Ol\u00edmpicos de T\u00f3quio"},"content":{"rendered":"<p>Ap\u00f3s adiamento de um ano, a\u00a0cerim\u00f4nia de abertura da Olimp\u00edada de T\u00f3quio aconteceu nesta\u00a0sexta-feira (23)\u00a0no Est\u00e1dio Ol\u00edmpico de T\u00f3quio, na capital japonesa.\u00a0Na\u00a0abertura da 32\u00aa edi\u00e7\u00e3o dos Jogos Ol\u00edmpicos,\u00a0a tenista japonesa Naomi Osaka\u00a0foi a respons\u00e1vel por acender a Pira Ol\u00edmpica portando a Tocha Ol\u00edmpica.<img decoding=\"async\" src=\"https:\/\/agenciabrasil.ebc.com.br\/ebc.png?id=1416192&amp;o=node\" \/><img decoding=\"async\" src=\"https:\/\/agenciabrasil.ebc.com.br\/ebc.gif?id=1416192&amp;o=node\" \/><\/p>\n<p>A\u00a0presidente do Comit\u00ea Organizador de T\u00f3quio 2020,\u00a0Seiko Hashimoto, foi a primeira a discursar no evento.<\/p>\n<p>\u201cSeguindo os desafios,\u00a0a primeira vez que uma Olimp\u00edada foi adiada na hist\u00f3ria, os Jogos de T\u00f3quio 2020 finalmente come\u00e7am\u00a0hoje. As\u00a0esperan\u00e7as\u00a0se conectaram uma a uma atrav\u00e9s de muitas m\u00e3os, de muitas pessoas, e agora estamos na posi\u00e7\u00e3o de dar boas vindas para esse dia. Todo mundo sofreu e enfrentou enormes desafios por causa da covid-19. (\u2026) Depois de meio s\u00e9culo os Jogos Ol\u00edmpicos voltaram para T\u00f3quio, agora vamos\u00a0fazer\u00a0de tudo para que esses\u00a0Jogos\u00a0se tornem\u00a0uma fonte de orgulho para as gera\u00e7\u00f5es futuras\u201d.<\/p>\n<p>Depois foi a vez do presidente do Comit\u00ea Ol\u00edmpico Internacional (COI) Thomas Bach passar a sua mensagem.<\/p>\n<p>\u201cHoje\u00a0\u00e9 um momento de esperan\u00e7a, muito diferente do que todos n\u00f3s\u00a0imagin\u00e1vamos.\u00a0Mas vamos valorizar este momento porque finalmente estamos todos aqui juntos,\u00a0com\u00a0os atletas de 205 Comit\u00eas Ol\u00edmpicos Nacionais e a Equipe Ol\u00edmpica de Refugiados, vivendo sob o mesmo teto juntos na Vila Ol\u00edmpica. Este \u00e9 o poder\u00a0de unificar\u00a0que o esporte tem.\u00a0\u00c9\u00a0a mensagem de solidariedade, a mensagem de paz e de resili\u00eancia. Isso d\u00e1 a todos n\u00f3s esperan\u00e7a para nossa jornada futura juntos.\u00a0N\u00f3s s\u00f3 podemos estar juntos por causa de voc\u00eas, povo japon\u00eas.\u201d<\/p>\n<p>Logo ap\u00f3s os discursos,\u00a0o imperador Naruhito, autoridade m\u00e1xima do pa\u00eds, declarou\u00a0oficialmente\u00a0aberto os Jogos Ol\u00edmpicos de T\u00f3quio\u00a02020. Posteriormente, a bandeira ol\u00edmpica foi hasteada ao lado da bandeira japonesa.\u00a0Na sequ\u00eancia, o revezamento da Tocha Ol\u00edmpica no est\u00e1dio\u00a0terminou nas m\u00e3os de\u00a0Naomi Osaka.<\/p>\n<p><strong>Outros momentos da cerim\u00f4nia<\/strong><\/p>\n<p>No in\u00edcio da cerim\u00f4nia,\u00a0a\u00a0bandeira\u00a0japonesa\u00a0hasteada. Em seguida ocorreu a apresenta\u00e7\u00e3o dos aros ol\u00edmpicos iluminados\u00a0por lanternas, importantes s\u00edmbolos da cultura do pa\u00eds anfitri\u00e3o.<\/p>\n<p>A cultura e tradi\u00e7\u00e3o japonesas\u00a0tamb\u00e9m\u00a0ficaram evidentes na cerim\u00f4nia, com dan\u00e7arinos vestidos em homenagem aos bombeiros volunt\u00e1rios japoneses, uma tradi\u00e7\u00e3o secular no Jap\u00e3o.<\/p>\n<p>Conforme a tradi\u00e7\u00e3o, a Gr\u00e9cia foi a primeira delega\u00e7\u00e3o a desfilar no evento. Na sequ\u00eancia,\u00a0tivemos\u00a0o Time Ol\u00edmpico de Refugiados, formado por pessoas que n\u00e3o podem competir pelo pa\u00eds de origem.<\/p>\n<p>Logo depois, foi respeitada a ordem alfab\u00e9tica de acordo com o alfabeto japon\u00eas\u00a0katakana\u00a0e a grafia na l\u00edngua do pa\u00eds.\u00a0As exce\u00e7\u00f5es ficaram por\u00a0conta das tr\u00eas \u00faltimas equipes a entrarem: Estados Unidos, Fran\u00e7a e Jap\u00e3o \u2013 que fecharam\u00a0a parada das na\u00e7\u00f5es.\u00a0A delega\u00e7\u00e3o brasileira foi a 151\u00aa a se apresentar.<\/p>\n<p>Dos 302 competidores\u00a0brasileiros\u00a0classificados para os Jogos, apenas quatro (n\u00famero m\u00ednimo exigidos pelo COI) desfilaram, medida tomada pelo Comit\u00ea Ol\u00edmpico do Brasil (COB) visando a preven\u00e7\u00e3o do cont\u00e1gio de covid-19.<\/p>\n<p>O jogador de voleibol\u00a0Bruninho e a judoca Ketleyn Quadros foram os porta-bandeiras do Time Brasil.<\/p>\n<p>Proibidos de competirem com a bandeira e o nome do pa\u00eds (nem o hino russo p\u00f4de ser executado) devido a\u00a0puni\u00e7\u00f5es por parte da Ag\u00eancia Mundial Antidopagem (WADA) e da Corte Arbitral do Esporte (CAS), os atletas russos desfilaram representando o Comit\u00ea Ol\u00edmpico Russo (ROC, na sigla em ingl\u00eas).<\/p>\n<p>Ap\u00f3s o desfile, foi a vez do juramento dos atletas, que acontece desde os Jogos Ol\u00edmpicos de Antu\u00e9rpia (1920, na B\u00e9lgica), prometendo competir de maneira limpa e justa.<\/p>\n<p>A cerim\u00f4nia prosseguiu com uma atua\u00e7\u00e3o de artistas celebrando a diversidade e a inclus\u00e3o nos Jogos Ol\u00edmpicos. Al\u00e9m disso, drones formaram o s\u00edmbolo da Olimp\u00edada de T\u00f3quio e um globo terrestre, acompanhada da trilha sonora\u00a0Imagine, do cantor e compositor brit\u00e2nico John Lenon.<\/p>\n<p>Boa parte\u00a0da\u00a0trilha sonora da\u00a0cerim\u00f4nia\u00a0foi composta por m\u00fasicas de jogos de videogame que ficaram marcados na hist\u00f3ria, como\u00a0Final Fantasy, Monster Hunter, Dragon Quest, Sonic the Hedgehog e Chrono Trigger.<\/p>\n<p><strong>Homenagem \u00e0s v\u00edtimas da covid-19<\/strong><\/p>\n<p>A abertura da 32\u00aa edi\u00e7\u00e3o dos Jogos Ol\u00edmpicos ficou marcada pela aus\u00eancia\u00a0de\u00a0p\u00fablico devido \u00e0 pandemia do novo coronav\u00edrus (covid-19). Esta foi a primeira vez na\u00a0hist\u00f3ria que a abertura oficial aconteceu sem a presen\u00e7a de espectadores.<\/p>\n<p>Com um minuto de sil\u00eancio, a\u00a0festividade aproveitou para homenagear as v\u00edtimas em todo o mundo acometidas pelo v\u00edrus.\u00a0Al\u00e9m disso, uma\u00a0apresenta\u00e7\u00e3o de atletas se exercitando de forma isolada\u00a0representou\u00a0a dificuldade dos competidores de treinar em meio \u00e0 pandemia.\u00a0Umas das destaques deste momento\u00a0foi a boxeadora japonesa Arisa Tsubata, que n\u00e3o conseguiu se classificar para os Jogos porque as seletivas foram canceladas.<\/p>\n<p><span style=\"font-weight: 400;\">Fonte: Ag\u00eancia Brasil <\/span><\/p>\n","protected":false},"excerpt":{"rendered":"<p>Ap\u00f3s adiamento de um ano, a\u00a0cerim\u00f4nia de abertura da Olimp\u00edada de T\u00f3quio aconteceu nesta\u00a0sexta-feira (23)\u00a0no Est\u00e1dio Ol\u00edmpico de T\u00f3quio, na capital japonesa.\u00a0Na\u00a0abertura da 32\u00aa edi\u00e7\u00e3o dos Jogos Ol\u00edmpicos,\u00a0a tenista japonesa Naomi Osaka\u00a0foi a respons\u00e1vel por acender a Pira Ol\u00edmpica portando a Tocha Ol\u00edmpica. A\u00a0presidente do Comit\u00ea Organizador de T\u00f3quio 2020,\u00a0Seiko Hashimoto, foi a primeira a [&hellip;]<\/p>\n","protected":false},"author":246,"featured_media":185839,"comment_status":"closed","ping_status":"closed","sticky":false,"template":"","format":"standard","meta":{"footnotes":""},"categories":[440,257,439],"tags":[],"class_list":["post-185838","post","type-post","status-publish","format-standard","has-post-thumbnail","hentry","category-destaques-do-dia","category-esporte","category-ultima-hora"],"_links":{"self":[{"href":"https:\/\/diarioregionaldigital.com.br\/index.php?rest_route=\/wp\/v2\/posts\/185838","targetHints":{"allow":["GET"]}}],"collection":[{"href":"https:\/\/diarioregionaldigital.com.br\/index.php?rest_route=\/wp\/v2\/posts"}],"about":[{"href":"https:\/\/diarioregionaldigital.com.br\/index.php?rest_route=\/wp\/v2\/types\/post"}],"author":[{"embeddable":true,"href":"https:\/\/diarioregionaldigital.com.br\/index.php?rest_route=\/wp\/v2\/users\/246"}],"replies":[{"embeddable":true,"href":"https:\/\/diarioregionaldigital.com.br\/index.php?rest_route=%2Fwp%2Fv2%2Fcomments&post=185838"}],"version-history":[{"count":1,"href":"https:\/\/diarioregionaldigital.com.br\/index.php?rest_route=\/wp\/v2\/posts\/185838\/revisions"}],"predecessor-version":[{"id":185840,"href":"https:\/\/diarioregionaldigital.com.br\/index.php?rest_route=\/wp\/v2\/posts\/185838\/revisions\/185840"}],"wp:featuredmedia":[{"embeddable":true,"href":"https:\/\/diarioregionaldigital.com.br\/index.php?rest_route=\/wp\/v2\/media\/185839"}],"wp:attachment":[{"href":"https:\/\/diarioregionaldigital.com.br\/index.php?rest_route=%2Fwp%2Fv2%2Fmedia&parent=185838"}],"wp:term":[{"taxonomy":"category","embeddable":true,"href":"https:\/\/diarioregionaldigital.com.br\/index.php?rest_route=%2Fwp%2Fv2%2Fcategories&post=185838"},{"taxonomy":"post_tag","embeddable":true,"href":"https:\/\/diarioregionaldigital.com.br\/index.php?rest_route=%2Fwp%2Fv2%2Ftags&post=185838"}],"curies":[{"name":"wp","href":"https:\/\/api.w.org\/{rel}","templated":true}]}}