{"id":185829,"date":"2021-07-23T15:02:14","date_gmt":"2021-07-23T18:02:14","guid":{"rendered":"https:\/\/diarioregionaldigital.com.br\/?p=185829"},"modified":"2021-07-23T15:02:14","modified_gmt":"2021-07-23T18:02:14","slug":"confucio-ve-sucesso-da-comissao-da-covid-19-no-primeiro-semestre","status":"publish","type":"post","link":"https:\/\/diarioregionaldigital.com.br\/?p=185829","title":{"rendered":"Conf\u00facio v\u00ea sucesso da Comiss\u00e3o da Covid-19 no primeiro semestre"},"content":{"rendered":"<div id=\"boxLateralMateria\" class=\"col-md-3 hidden-xs hidden-sm u-noPrint\">\n<aside role=\"complementary\">\n<div class=\"saiba-mais\">\n<div class=\"painel painel-base painel-links\">\n<div class=\"painel-cabecalho\">\n<p>Foram 35 reuni\u00f5es, com participa\u00e7\u00f5es de ministros e especialistas, fiscalizando o plano nacional de vacina\u00e7\u00e3o contra o coronav\u00edrus e definindo a\u00e7\u00f5es como a <a class=\"external-link\" title=\"\" href=\"http:\/\/www12.senado.leg.br\/noticias\/materias\/2021\/05\/21\/na-comissao-da-covid-especialistas-defendem-vacinacao-rapida-de-gestantes\" target=\"_self\" rel=\"noopener\">inclus\u00e3o imediata das gr\u00e1vidas e lactantes no grupo priorit\u00e1rio<\/a> de imuniza\u00e7\u00e3o. O presidente da Comiss\u00e3o Tempor\u00e1ria da Covid-19, senador Conf\u00facio Moura (MDB-RO), considera que o colegiado encerrou com sucesso o primeiro semestre de 2021. E v\u00ea com otimismo a atua\u00e7\u00e3o do grupo parlamentar at\u00e9 o fim dos trabalhos, previsto para novembro.<\/p>\n<\/div>\n<\/div>\n<\/div>\n<\/aside>\n<\/div>\n<div id=\"textoMateria\">\n<p>Na opini\u00e3o do senador, um dos destaques da comiss\u00e3o tempor\u00e1ria foi a aprova\u00e7\u00e3o do Projeto de Lei (PL)\u00a0<a href=\"https:\/\/www25.senado.leg.br\/web\/atividade\/materias\/-\/materia\/148044\">1.343\/2021<\/a>, que autoriza f\u00e1bricas de produtos de uso veterin\u00e1rio a produzirem vacinas contra o coronav\u00edrus. De autoria do relator da Comiss\u00e3o Tempor\u00e1ria da Covid-19, senador Wellington Fagundes (PL-MT), o texto foi aprovado pelo Congresso Nacional em junho e <a class=\"external-link\" title=\"\" href=\"https:\/\/www12.senado.leg.br\/noticias\/materias\/2021\/07\/23\/lei-permite-que-industria-veterinaria-produza-vacina-contra-covid\" target=\"_self\" rel=\"noopener\">transformado<\/a> na <a class=\"external-link\" title=\"\" href=\"https:\/\/www.in.gov.br\/en\/web\/dou\/-\/lei-n-14.187-de-15-de-julho-de-2021-332429656\" target=\"_self\" rel=\"noopener\">Lei 14.187\/2021<\/a>\u00a0em julho.<\/p>\n<p>Conf\u00facio afirma que o colegiado esteve presente \u201cem todas as ang\u00fastias do povo brasileiro\u201d, atuando pelo fornecimento de respiradores e do chamado \u201ckit intuba\u00e7\u00e3o\u201d, que estavam faltando, e pela amplia\u00e7\u00e3o de leitos de UTI.<\/p>\n<p>\u2014 Estivemos sempre em cima, com ministros presentes, dando satisfa\u00e7\u00f5es sobre temas que v\u00e3o desde o andamento da doen\u00e7a, passando pela vacina\u00e7\u00e3o, at\u00e9 a situa\u00e7\u00e3o do crescimento econ\u00f4mico do pa\u00eds \u2014 disse Conf\u00facio em entrevista \u00e0 <strong>Ag\u00eancia Senado<\/strong>.<\/p>\n<p>Tamb\u00e9m em entrevista \u00e0 ag\u00eancia, a senadora Zenaide Maia (Pros-RN) destacou a relev\u00e2ncia dos trabalhos. Para ela, a atua\u00e7\u00e3o do colegiado foi fundamental principalmente em rela\u00e7\u00e3o \u00e0 aquisi\u00e7\u00e3o de vacinas contra a covid-19 pelo Brasil.<\/p>\n<p>J\u00e1 a senadora Eliziane Gama (Cidadania-MA) pontuou o apoio da comiss\u00e3o tempor\u00e1ria\u00a0ao <a class=\"external-link\" title=\"\" href=\"http:\/\/www25.senado.leg.br\/web\/atividade\/materias\/-\/materia\/148801\" target=\"_self\" rel=\"noopener\">PL 2.180\/2021<\/a>, de autoria dela, que institui o Fundo de Amparo aos \u00d3rf\u00e3os da Covid-19 (Facovid).\u00a0A iniciativa garante aux\u00edlio financeiro aos menores de 18 anos de idade que perderam um dos pais em decorr\u00eancia da pandemia e cuja fam\u00edlia remanescente n\u00e3o tem condi\u00e7\u00f5es de prover o sustento dos mesmos.<\/p>\n<p>\u201c\u00c9 importante destacar que as crian\u00e7as e os adolescentes devem ter prioridade no Or\u00e7amento. \u00c9 urgente buscarmos recursos\u00a0 para garantir o futuro dessas v\u00edtimas da trag\u00e9dia\u201d, ressaltou Eliziane ao defender a aprova\u00e7\u00e3o da mat\u00e9ria, que j\u00e1 est\u00e1 tramitando no Senado.<\/p>\n<p><strong>Audi\u00eancias<\/strong><\/p>\n<p>Desde que foi institu\u00edda, em fevereiro, a comiss\u00e3o tempor\u00e1ria ouviu ministros como o da Economia, <a class=\"external-link\" title=\"\" href=\"https:\/\/www12.senado.leg.br\/noticias\/materias\/2021\/06\/25\/senadores-pedem-a-paulo-guedes-atencao-as-sequelas-da-pandemia\" target=\"_self\" rel=\"noopener\">Paulo Guedes<\/a>, o da Sa\u00fade, <a class=\"external-link\" title=\"\" href=\"https:\/\/www12.senado.leg.br\/noticias\/materias\/2021\/06\/21\/senadores-cobram-do-ministro-da-saude-cronograma-detalhado-de-vacinacao\" target=\"_self\" rel=\"noopener\">Marcelo Queiroga<\/a>, e o\u00a0da Ci\u00eancia, Tecnologia e Inova\u00e7\u00f5es, Marcos Pontes,\u00a0al\u00e9m de <a class=\"external-link\" title=\"\" href=\"https:\/\/www12.senado.leg.br\/noticias\/materias\/2021\/05\/31\/comissao-da-covid-19-discute-com-secretario-de-fazenda-impactos-fiscais-da-pandemia\" target=\"_self\" rel=\"noopener\">secret\u00e1rios<\/a> dessas pastas e especialistas nas \u00e1reas social e de sa\u00fade. Os senadores acompanharam e fiscalizaram as a\u00e7\u00f5es do governo para conter o avan\u00e7o da pandemia e tamb\u00e9m tiveram como alvo assegurar a distribui\u00e7\u00e3o universal e justa das vacinas em todas as regi\u00f5es do pa\u00eds.<\/p>\n<p>Os parlamentares cobraram de Paulo Guedes a aten\u00e7\u00e3o aos mais atingidos pela pandemia e questionaram o ministro sobre a redu\u00e7\u00e3o do or\u00e7amento da sa\u00fade desde a implanta\u00e7\u00e3o do teto de gastos, pela Emenda Constitucional 95, de 2016. Outra preocupa\u00e7\u00e3o da comiss\u00e3o foi com o impacto social do p\u00f3s-pandemia.<\/p>\n<p>J\u00e1 do ministro Queiroga, o colegiado cobrou o cronograma detalhado da vacina\u00e7\u00e3o dos brasileiros. Os senadores receberam dele a previs\u00e3o de que, at\u00e9 setembro, toda a popula\u00e7\u00e3o acima de 18 anos ter\u00e1 recebido a primeira dose de vacina e, at\u00e9 o fim do ano, as duas doses.<\/p>\n<p>Integrante da comiss\u00e3o tempor\u00e1ria e m\u00e9dica por forma\u00e7\u00e3o, Zenaide Maia disse esperar que a promessa e o cronograma de Queiroga se cumpram, \u201cembora ache quase imposs\u00edvel tudo se concretizar, no ritmo em que estamos\u201d.<\/p>\n<p><strong>Destaques<\/strong><\/p>\n<p>Em maio, a comiss\u00e3o tempor\u00e1ria aprovou requerimento para a inclus\u00e3o imediata das gr\u00e1vidas e lactantes no grupo priorit\u00e1rio de vacina\u00e7\u00e3o nacional contra a covid-19.\u00a0O mesmo pedido previu a inser\u00e7\u00e3o das gestantes em campanhas publicit\u00e1rias sobre cuidados preventivos e temas relacionados \u00e0 vacina\u00e7\u00e3o.<\/p>\n<p>Tamb\u00e9m em maio, Conf\u00facio Moura assumiu com o ministro da Ci\u00eancia, Tecnologia e Inova\u00e7\u00f5es, Marcos Pontes, o compromisso de atuar para incrementar o or\u00e7amento da pasta a partir de 2022. Em <a class=\"external-link\" title=\"\" href=\"https:\/\/www12.senado.leg.br\/noticias\/materias\/2021\/05\/24\/comissao-da-covid-19-quer-aumentar-orcamento-para-ciencia-e-tecnologia\" target=\"_self\" rel=\"noopener\">audi\u00eancia p\u00fablica<\/a> do colegiado sobre o tema, o vice-presidente do colegiado, Styvenson Valentim (Podemos-RN), lembrou que o pa\u00eds investe hoje apenas cerca de 1% do PIB nesta \u00e1rea. J\u00e1 o relator da comiss\u00e3o, Wellington Fagundes, ressaltou que o reservado para a pasta em 2021 atingiu o n\u00edvel hist\u00f3rico mais baixo. Ele disse ter &#8220;dificuldade em entender a queda sistem\u00e1tica no or\u00e7amento do minist\u00e9rio&#8221;.<\/p>\n<p>Em outro\u00a0<a class=\"external-link\" title=\"\" href=\"https:\/\/www12.senado.leg.br\/noticias\/materias\/2021\/07\/01\/em-comissao-ministro-pede-que-senado-aprove-pl-que-torna-educacao-servico-essencial\" target=\"_self\" rel=\"noopener\">debate<\/a>, desta vez\u00a0com a presen\u00e7a do ministro da Educa\u00e7\u00e3o, Milton Ribeiro, em 1\u00ba de julho, Styvenson Valentim cobrou a apresenta\u00e7\u00e3o de um plano estruturado, visando recuperar o atraso educacional que o Brasil sofre desde o in\u00edcio da pandemia. O parlamentar tamb\u00e9m criticou o fato de o governo n\u00e3o ter estabelecido uma estrat\u00e9gia de uso de todo o sistema estatal e p\u00fablico de televis\u00e3o para dar aulas para dezenas de milh\u00f5es de estudantes, incluindo a grande parcela de alunos sem acesso \u00e0 internet.<\/p>\n<p>Um <a class=\"external-link\" title=\"\" href=\"https:\/\/www12.senado.leg.br\/noticias\/materias\/2021\/03\/10\/confucio-apresenta-balanco-semanal-da-comissao-da-covid-19-e-pede-participacao-de-todos-os-senadores\" target=\"_self\" rel=\"noopener\">balan\u00e7o<\/a> das atividades da comiss\u00e3o tempor\u00e1ria \u00e9 apresentado ao Plen\u00e1rio do Senado a cada semana. Essa presta\u00e7\u00e3o de contas foi proposta pelo presidente Conf\u00facio Moura, que considerou ser o assunto do Brasil hoje \u201cvacina, morte e contamina\u00e7\u00e3o pelo coronav\u00edrus\u201d.<\/p>\n<p><strong>Prorroga\u00e7\u00e3o<\/strong><\/p>\n<p>Instalada em 3 de mar\u00e7o, a Comiss\u00e3o Tempor\u00e1ria da Covid-19 funcionaria at\u00e9 30 de junho, mas teve seu prazo de funcionamento <a class=\"external-link\" title=\"\" href=\"https:\/\/www12.senado.leg.br\/noticias\/materias\/2021\/06\/29\/comissao-temporaria-da-covid-19-e-prorrogada-por-mais-120-dias\" target=\"_self\" rel=\"noopener\">prorrogado<\/a>\u00a0e agora vai at\u00e9 10 de novembro. A \u00faltima reuni\u00e3o do colegiado ocorreu em 9 de julho, quando os senadores discutiram a pol\u00edtica ambiental brasileira.\u00a0Na <a class=\"external-link\" title=\"\" href=\"https:\/\/www12.senado.leg.br\/noticias\/materias\/2021\/07\/12\/especialistas-criticam-politica-ambiental-e-vinculam-mudancas-no-clima-ao-crescente-risco-de-pandemias\" target=\"_self\" rel=\"noopener\">ocasi\u00e3o<\/a>, os debatedores chamaram a aten\u00e7\u00e3o para a crise no meio ambiente como fator de dissemina\u00e7\u00e3o e agravamento de doen\u00e7as infecciosas. Eles avaliaram que o aumento do desmatamento, por exemplo, dificulta a recupera\u00e7\u00e3o da economia do pa\u00eds no per\u00edodo p\u00f3s-pandemia.<\/p>\n<\/div>\n<p>Fonte: Ag\u00eancia Senado<\/p>\n","protected":false},"excerpt":{"rendered":"<p>Foram 35 reuni\u00f5es, com participa\u00e7\u00f5es de ministros e especialistas, fiscalizando o plano nacional de vacina\u00e7\u00e3o contra o coronav\u00edrus e definindo a\u00e7\u00f5es como a inclus\u00e3o imediata das gr\u00e1vidas e lactantes no grupo priorit\u00e1rio de imuniza\u00e7\u00e3o. O presidente da Comiss\u00e3o Tempor\u00e1ria da Covid-19, senador Conf\u00facio Moura (MDB-RO), considera que o colegiado encerrou com sucesso o primeiro semestre [&hellip;]<\/p>\n","protected":false},"author":246,"featured_media":185830,"comment_status":"closed","ping_status":"closed","sticky":false,"template":"","format":"standard","meta":{"footnotes":""},"categories":[436,254,439],"tags":[],"class_list":["post-185829","post","type-post","status-publish","format-standard","has-post-thumbnail","hentry","category-destaque-da-semana","category-politica","category-ultima-hora"],"_links":{"self":[{"href":"https:\/\/diarioregionaldigital.com.br\/index.php?rest_route=\/wp\/v2\/posts\/185829","targetHints":{"allow":["GET"]}}],"collection":[{"href":"https:\/\/diarioregionaldigital.com.br\/index.php?rest_route=\/wp\/v2\/posts"}],"about":[{"href":"https:\/\/diarioregionaldigital.com.br\/index.php?rest_route=\/wp\/v2\/types\/post"}],"author":[{"embeddable":true,"href":"https:\/\/diarioregionaldigital.com.br\/index.php?rest_route=\/wp\/v2\/users\/246"}],"replies":[{"embeddable":true,"href":"https:\/\/diarioregionaldigital.com.br\/index.php?rest_route=%2Fwp%2Fv2%2Fcomments&post=185829"}],"version-history":[{"count":1,"href":"https:\/\/diarioregionaldigital.com.br\/index.php?rest_route=\/wp\/v2\/posts\/185829\/revisions"}],"predecessor-version":[{"id":185831,"href":"https:\/\/diarioregionaldigital.com.br\/index.php?rest_route=\/wp\/v2\/posts\/185829\/revisions\/185831"}],"wp:featuredmedia":[{"embeddable":true,"href":"https:\/\/diarioregionaldigital.com.br\/index.php?rest_route=\/wp\/v2\/media\/185830"}],"wp:attachment":[{"href":"https:\/\/diarioregionaldigital.com.br\/index.php?rest_route=%2Fwp%2Fv2%2Fmedia&parent=185829"}],"wp:term":[{"taxonomy":"category","embeddable":true,"href":"https:\/\/diarioregionaldigital.com.br\/index.php?rest_route=%2Fwp%2Fv2%2Fcategories&post=185829"},{"taxonomy":"post_tag","embeddable":true,"href":"https:\/\/diarioregionaldigital.com.br\/index.php?rest_route=%2Fwp%2Fv2%2Ftags&post=185829"}],"curies":[{"name":"wp","href":"https:\/\/api.w.org\/{rel}","templated":true}]}}