{"id":185825,"date":"2021-07-23T14:56:54","date_gmt":"2021-07-23T17:56:54","guid":{"rendered":"https:\/\/diarioregionaldigital.com.br\/?p=185825"},"modified":"2021-07-23T14:56:54","modified_gmt":"2021-07-23T17:56:54","slug":"governo-veta-projeto-que-assegurava-repasses-ao-terceiro-setor-na-pandemia","status":"publish","type":"post","link":"https:\/\/diarioregionaldigital.com.br\/?p=185825","title":{"rendered":"Governo veta projeto que assegurava repasses ao terceiro setor na pandemia"},"content":{"rendered":"<p>O presidente Jair Bolsonaro decidiu vetar integralmente o <a class=\"external-link\" title=\"\" href=\"http:\/\/www25.senado.leg.br\/web\/atividade\/materias\/-\/materia\/146364\" target=\"_self\" rel=\"noopener\">Projeto de Lei 4.113\/2020<\/a>, que visava assegurar o repasse de ao menos 70% dos recursos previstos para parcerias com o terceiro setor durante a pandemia de covid-19. A inten\u00e7\u00e3o da proposta era evitar que\u00a0os repasses p\u00fablicos para as organiza\u00e7\u00f5es fossem congelados ou interrompidos.<\/p>\n<p>A mat\u00e9ria <a class=\"external-link\" title=\"\" href=\"http:\/\/www12.senado.leg.br\/noticias\/materias\/2021\/06\/29\/aprovado-projeto-que-evita-interrupcao-de-repasses-ao-teceiro-setor-na-pandemia\" target=\"_self\" rel=\"noopener\">foi aprovada pelo Senado<\/a> em 29 de junho e seguiu para san\u00e7\u00e3o. O Executivo, no entanto, alegou inconstitucionalidade e contrariedade ao interesse p\u00fablico para instituir o veto, que est\u00e1 <a class=\"external-link\" title=\"\" href=\"https:\/\/www.in.gov.br\/en\/web\/dou\/-\/despachos-do-presidente-da-republica-333759308\" target=\"_self\" rel=\"noopener\">publicado<\/a> no <em>Di\u00e1rio Oficial da Uni\u00e3o (DOU)<\/em> desta sexta-feira (23).<\/p>\n<p>Segundo o Pal\u00e1cio do Planalto, apesar de merit\u00f3ria, a proposta causaria inseguran\u00e7a jur\u00eddica ao pretender regular ajustes negociais ocorridos em momento anterior \u00e0 data de edi\u00e7\u00e3o da lei sugerida, \u201cmedidas essas que s\u00f3 poderiam ser adotadas no plano material e examinadas em caso concreto\u201d.<\/p>\n<p>Al\u00e9m disso, conforme a justificativa do veto, a proposi\u00e7\u00e3o contraria o interesse p\u00fablico, \u201cuma vez que afasta indevidamente a realiza\u00e7\u00e3o do chamamento p\u00fablico, al\u00e9m de ter incid\u00eancia ampla, de forma a alcan\u00e7ar, indistintamente, ajustes, prazos e metas que, em princ\u00edpio, n\u00e3o possuem ind\u00edcios de que teriam sido impactados pela pandemia de covid-19\u201d.<\/p>\n<p>O governo alega ainda que a mat\u00e9ria criaria despesa obrigat\u00f3ria sem apresentar a estimativa do impacto or\u00e7ament\u00e1rio e financeiro e que o escopo do texto \u00e9 amplo, \u201catingindo parceiras celebradas com entidades p\u00fablicas e privadas por meio de contratos de gest\u00e3o, termos de parceria, termos de colabora\u00e7\u00e3o e fomento e conv\u00eanios\u201d.<\/p>\n<p>Fonte: Ag\u00eancia Senado<\/p>\n","protected":false},"excerpt":{"rendered":"<p>O presidente Jair Bolsonaro decidiu vetar integralmente o Projeto de Lei 4.113\/2020, que visava assegurar o repasse de ao menos 70% dos recursos previstos para parcerias com o terceiro setor durante a pandemia de covid-19. A inten\u00e7\u00e3o da proposta era evitar que\u00a0os repasses p\u00fablicos para as organiza\u00e7\u00f5es fossem congelados ou interrompidos. A mat\u00e9ria foi aprovada [&hellip;]<\/p>\n","protected":false},"author":246,"featured_media":185827,"comment_status":"closed","ping_status":"closed","sticky":false,"template":"","format":"standard","meta":{"footnotes":""},"categories":[440,254,439],"tags":[],"class_list":["post-185825","post","type-post","status-publish","format-standard","has-post-thumbnail","hentry","category-destaques-do-dia","category-politica","category-ultima-hora"],"_links":{"self":[{"href":"https:\/\/diarioregionaldigital.com.br\/index.php?rest_route=\/wp\/v2\/posts\/185825","targetHints":{"allow":["GET"]}}],"collection":[{"href":"https:\/\/diarioregionaldigital.com.br\/index.php?rest_route=\/wp\/v2\/posts"}],"about":[{"href":"https:\/\/diarioregionaldigital.com.br\/index.php?rest_route=\/wp\/v2\/types\/post"}],"author":[{"embeddable":true,"href":"https:\/\/diarioregionaldigital.com.br\/index.php?rest_route=\/wp\/v2\/users\/246"}],"replies":[{"embeddable":true,"href":"https:\/\/diarioregionaldigital.com.br\/index.php?rest_route=%2Fwp%2Fv2%2Fcomments&post=185825"}],"version-history":[{"count":1,"href":"https:\/\/diarioregionaldigital.com.br\/index.php?rest_route=\/wp\/v2\/posts\/185825\/revisions"}],"predecessor-version":[{"id":185828,"href":"https:\/\/diarioregionaldigital.com.br\/index.php?rest_route=\/wp\/v2\/posts\/185825\/revisions\/185828"}],"wp:featuredmedia":[{"embeddable":true,"href":"https:\/\/diarioregionaldigital.com.br\/index.php?rest_route=\/wp\/v2\/media\/185827"}],"wp:attachment":[{"href":"https:\/\/diarioregionaldigital.com.br\/index.php?rest_route=%2Fwp%2Fv2%2Fmedia&parent=185825"}],"wp:term":[{"taxonomy":"category","embeddable":true,"href":"https:\/\/diarioregionaldigital.com.br\/index.php?rest_route=%2Fwp%2Fv2%2Fcategories&post=185825"},{"taxonomy":"post_tag","embeddable":true,"href":"https:\/\/diarioregionaldigital.com.br\/index.php?rest_route=%2Fwp%2Fv2%2Ftags&post=185825"}],"curies":[{"name":"wp","href":"https:\/\/api.w.org\/{rel}","templated":true}]}}