{"id":185822,"date":"2021-07-23T14:49:56","date_gmt":"2021-07-23T17:49:56","guid":{"rendered":"https:\/\/diarioregionaldigital.com.br\/?p=185822"},"modified":"2021-07-23T14:49:56","modified_gmt":"2021-07-23T17:49:56","slug":"dolar-sobe-para-r-521-apos-dois-dias-de-queda","status":"publish","type":"post","link":"https:\/\/diarioregionaldigital.com.br\/?p=185822","title":{"rendered":"D\u00f3lar sobe para R$ 5,21 ap\u00f3s dois dias de queda"},"content":{"rendered":"<p>Ap\u00f3s dois dias seguidos de queda, o d\u00f3lar fechou em alta, motivado principalmente pelo mercado externo. A bolsa de valores iniciou o dia em baixa, mas inverteu o movimento durante a tarde e teve pequenos ganhos.<\/p>\n<p>O d\u00f3lar comercial encerrou esta\u00a0quinta-feira (22) vendido a R$ 5,213, com alta de R$ 0,021 (+0,41%). A cota\u00e7\u00e3o come\u00e7ou o dia em queda, mas passou a subir ainda durante a manh\u00e3, ap\u00f3s a abertura dos neg\u00f3cios nos Estados Unidos. Na m\u00e1xima da sess\u00e3o, por volta das 12h40, chegou a R$ 5,22.<\/p>\n<p>A divisa acumula alta de 4,83% em julho. Em 2021, a valoriza\u00e7\u00e3o chega a 0,46%.<\/p>\n<p>No mercado de a\u00e7\u00f5es, o dia tamb\u00e9m foi influenciado pelo cen\u00e1rio internacional. O \u00edndice Ibovespa fechou o dia aos 126.147 pontos, com leve alta de 0,17%. O indicador chegou a cair 0,41% por volta as 12h45, mas passou a recuperar-se durante a tarde, motivado principalmente pela alta no pre\u00e7o do petr\u00f3leo.<\/p>\n<p>O d\u00f3lar subiu ap\u00f3s a decis\u00e3o do Banco Central Europeu de manter os est\u00edmulos monet\u00e1rios e n\u00e3o mexer nos juros da zona do euro. A decis\u00e3o fez o euro perder for\u00e7a. Aqui no Brasil, a moeda subiu apenas 0,16%, fechando a R$ 6,136 na cota\u00e7\u00e3o comercial. No entanto, deu impulso ao d\u00f3lar, que se valorizou perante o euro e a moedas de v\u00e1rios pa\u00edses emergentes.<\/p>\n<p>Paralelamente, a divulga\u00e7\u00e3o de que os pedidos de seguro-desemprego nos Estados Unidos subiram na semana passada fez o mercado norte-americano temer os efeitos da variante delta do novo coronav\u00edrus. A cota\u00e7\u00e3o internacional do petr\u00f3leo, no entanto, continuou a subir, dando impulso \u00e0 bolsa em pa\u00edses produtores, como o Brasil.<\/p>\n<p><span style=\"font-weight: 400;\"><br \/>\n<\/span><span style=\"font-weight: 400;\">Fonte: Ag\u00eancia Brasil <\/span><\/p>\n","protected":false},"excerpt":{"rendered":"<p>Ap\u00f3s dois dias seguidos de queda, o d\u00f3lar fechou em alta, motivado principalmente pelo mercado externo. A bolsa de valores iniciou o dia em baixa, mas inverteu o movimento durante a tarde e teve pequenos ganhos. O d\u00f3lar comercial encerrou esta\u00a0quinta-feira (22) vendido a R$ 5,213, com alta de R$ 0,021 (+0,41%). A cota\u00e7\u00e3o come\u00e7ou [&hellip;]<\/p>\n","protected":false},"author":246,"featured_media":185823,"comment_status":"closed","ping_status":"closed","sticky":false,"template":"","format":"standard","meta":{"footnotes":""},"categories":[436,261,439],"tags":[],"class_list":["post-185822","post","type-post","status-publish","format-standard","has-post-thumbnail","hentry","category-destaque-da-semana","category-economia","category-ultima-hora"],"_links":{"self":[{"href":"https:\/\/diarioregionaldigital.com.br\/index.php?rest_route=\/wp\/v2\/posts\/185822","targetHints":{"allow":["GET"]}}],"collection":[{"href":"https:\/\/diarioregionaldigital.com.br\/index.php?rest_route=\/wp\/v2\/posts"}],"about":[{"href":"https:\/\/diarioregionaldigital.com.br\/index.php?rest_route=\/wp\/v2\/types\/post"}],"author":[{"embeddable":true,"href":"https:\/\/diarioregionaldigital.com.br\/index.php?rest_route=\/wp\/v2\/users\/246"}],"replies":[{"embeddable":true,"href":"https:\/\/diarioregionaldigital.com.br\/index.php?rest_route=%2Fwp%2Fv2%2Fcomments&post=185822"}],"version-history":[{"count":1,"href":"https:\/\/diarioregionaldigital.com.br\/index.php?rest_route=\/wp\/v2\/posts\/185822\/revisions"}],"predecessor-version":[{"id":185824,"href":"https:\/\/diarioregionaldigital.com.br\/index.php?rest_route=\/wp\/v2\/posts\/185822\/revisions\/185824"}],"wp:featuredmedia":[{"embeddable":true,"href":"https:\/\/diarioregionaldigital.com.br\/index.php?rest_route=\/wp\/v2\/media\/185823"}],"wp:attachment":[{"href":"https:\/\/diarioregionaldigital.com.br\/index.php?rest_route=%2Fwp%2Fv2%2Fmedia&parent=185822"}],"wp:term":[{"taxonomy":"category","embeddable":true,"href":"https:\/\/diarioregionaldigital.com.br\/index.php?rest_route=%2Fwp%2Fv2%2Fcategories&post=185822"},{"taxonomy":"post_tag","embeddable":true,"href":"https:\/\/diarioregionaldigital.com.br\/index.php?rest_route=%2Fwp%2Fv2%2Ftags&post=185822"}],"curies":[{"name":"wp","href":"https:\/\/api.w.org\/{rel}","templated":true}]}}