{"id":185815,"date":"2021-07-23T14:44:26","date_gmt":"2021-07-23T17:44:26","guid":{"rendered":"https:\/\/diarioregionaldigital.com.br\/?p=185815"},"modified":"2021-07-23T14:44:26","modified_gmt":"2021-07-23T17:44:26","slug":"bolsa-familia-perto-de-r-300-limitaria-investimentos-diz-secretario","status":"publish","type":"post","link":"https:\/\/diarioregionaldigital.com.br\/?p=185815","title":{"rendered":"Bolsa Fam\u00edlia perto de R$ 300 limitaria investimentos, diz secret\u00e1rio"},"content":{"rendered":"<p>A folga do teto de gastos prevista para o Or\u00e7amento do pr\u00f3ximo ano permitir\u00e1 elevar o beneficio m\u00e9dio do Bolsa Fam\u00edlia para perto de R$ 300, disse hoje (22) o secret\u00e1rio especial de Fazenda do Minist\u00e9rio da Economia, Bruno Funchal. Essa despesa, no entanto, comprimiria investimentos para 2022.<\/p>\n<p>Por causa da infla\u00e7\u00e3o acumulada de 8,35% entre julho de 2020 e julho deste ano, o teto federal de gastos subir\u00e1 de R$ 1,486 trilh\u00e3o em 2021 para R$ 1,61 trilh\u00e3o em 2022, diferen\u00e7a de R$ 124 bilh\u00f5es. Isso ocorre porque, at\u00e9 2026, o teto ser\u00e1 corrigido pelo \u00cdndice Nacional de Pre\u00e7os ao Consumidor Amplo (IPCA).<\/p>\n<p>De acordo com o secret\u00e1rio especial de Fazenda, o Or\u00e7amento do pr\u00f3ximo ano ter\u00e1 uma folga de R$ 25 bilh\u00f5es a R$ 30 bilh\u00f5es para o cumprimento da regra do teto. Isso dever\u00e1 ocorrer mesmo que todas as despesas obrigat\u00f3rias cres\u00e7am dentro do previsto em 2022. Mesmo assim, Funchal diz que a eleva\u00e7\u00e3o do valor m\u00e9dio do Bolsa Fam\u00edlia retiraria espa\u00e7o para os investimentos, caso o valor m\u00e9dio fique em R$ 300.<\/p>\n<p>\u201cAp\u00f3s as atualiza\u00e7\u00f5es das previs\u00f5es macroecon\u00f4micas e levando em considera\u00e7\u00e3o que os gastos com pessoal e Previd\u00eancia s\u00e3o as maiores contas hoje do governo, est\u00e1 estimado que, se n\u00e3o tiver mais surpresas, a folga do teto dever\u00e1 ficar entre R$ 25 bilh\u00f5es e R$ 30 bilh\u00f5es. Isso daria margem para [o Bolsa Fam\u00edlia] chegar perto de R$ 300, mas acaba comprimindo o espa\u00e7o para outros investimentos\u201d, disse Funchal ao explicar a\u00a0<a href=\"https:\/\/agenciabrasil.ebc.com.br\/economia\/noticia\/2021-07\/governo-desbloqueia-todo-o-orcamento-de-2021\" target=\"_blank\" rel=\"noopener\">libera\u00e7\u00e3o de R$ 4,5 bilh\u00f5es do Or\u00e7amento<\/a>.<img decoding=\"async\" src=\"https:\/\/agenciabrasil.ebc.com.br\/ebc.png?id=1416111&amp;o=node\" \/><img decoding=\"async\" src=\"https:\/\/agenciabrasil.ebc.com.br\/ebc.gif?id=1416111&amp;o=node\" \/><\/p>\n<p>Nesta semana, o presidente Jair Bolsonaro anunciou a eleva\u00e7\u00e3o do valor m\u00e9dio do benef\u00edcio do Bolsa Fam\u00edlia, atualmente em R$ 190, para R$ 300. Segundo ele, a mudan\u00e7a poder\u00e1 entrar em vigor em novembro deste ano.<\/p>\n<p><strong>D\u00e9ficit prim\u00e1rio<\/strong><\/p>\n<p>O secret\u00e1rio afirmou que existe a chance de que o Brasil volte a ter super\u00e1vit prim\u00e1rio em 2023 ou em 2024. Segundo Funchal, isso poder\u00e1 ocorrer caso as\u00a0<a href=\"https:\/\/agenciabrasil.ebc.com.br\/economia\/noticia\/2021-07\/ministerio-eleva-previsao-de-crescimento-da-economia-para-53-este\" target=\"_blank\" rel=\"noopener\">estimativas apresentadas pela Secretaria de Pol\u00edtica Econ\u00f4mica na semana passada se confirmem<\/a>.<\/p>\n<p>O Relat\u00f3rio de Avalia\u00e7\u00e3o de Receitas e Despesas trouxe estimativas mais conservadoras. Enviado hoje (22) ao Congresso Nacional, o documento usa os par\u00e2metros do Projeto da Lei de Diretrizes Or\u00e7ament\u00e1rias de 2022, segundo os quais o Governo Central (Tesouro Nacional, Previd\u00eancia Social e Banco Central) teria d\u00e9ficit prim\u00e1rio de 1,9% em 2022, 1,5% em 2023 e 1% em 2024.<\/p>\n<p>O resultado prim\u00e1rio representa o super\u00e1vit ou d\u00e9ficit nas contas do governo desconsiderando o pagamento dos juros da d\u00edvida p\u00fablica. O indicador foi criado como uma ferramenta para impedir que o endividamento do governo saia do controle. Desde 2014, o Governo Central fecha o ano com d\u00e9ficit prim\u00e1rio, ap\u00f3s passar mais de dez anos registrando resultado positivo.<\/p>\n<p><span style=\"font-weight: 400;\">Fonte: Ag\u00eancia Brasil <\/span><\/p>\n","protected":false},"excerpt":{"rendered":"<p>A folga do teto de gastos prevista para o Or\u00e7amento do pr\u00f3ximo ano permitir\u00e1 elevar o beneficio m\u00e9dio do Bolsa Fam\u00edlia para perto de R$ 300, disse hoje (22) o secret\u00e1rio especial de Fazenda do Minist\u00e9rio da Economia, Bruno Funchal. Essa despesa, no entanto, comprimiria investimentos para 2022. Por causa da infla\u00e7\u00e3o acumulada de 8,35% [&hellip;]<\/p>\n","protected":false},"author":246,"featured_media":185816,"comment_status":"closed","ping_status":"closed","sticky":false,"template":"","format":"standard","meta":{"footnotes":""},"categories":[436,261,439],"tags":[],"class_list":["post-185815","post","type-post","status-publish","format-standard","has-post-thumbnail","hentry","category-destaque-da-semana","category-economia","category-ultima-hora"],"_links":{"self":[{"href":"https:\/\/diarioregionaldigital.com.br\/index.php?rest_route=\/wp\/v2\/posts\/185815","targetHints":{"allow":["GET"]}}],"collection":[{"href":"https:\/\/diarioregionaldigital.com.br\/index.php?rest_route=\/wp\/v2\/posts"}],"about":[{"href":"https:\/\/diarioregionaldigital.com.br\/index.php?rest_route=\/wp\/v2\/types\/post"}],"author":[{"embeddable":true,"href":"https:\/\/diarioregionaldigital.com.br\/index.php?rest_route=\/wp\/v2\/users\/246"}],"replies":[{"embeddable":true,"href":"https:\/\/diarioregionaldigital.com.br\/index.php?rest_route=%2Fwp%2Fv2%2Fcomments&post=185815"}],"version-history":[{"count":2,"href":"https:\/\/diarioregionaldigital.com.br\/index.php?rest_route=\/wp\/v2\/posts\/185815\/revisions"}],"predecessor-version":[{"id":185818,"href":"https:\/\/diarioregionaldigital.com.br\/index.php?rest_route=\/wp\/v2\/posts\/185815\/revisions\/185818"}],"wp:featuredmedia":[{"embeddable":true,"href":"https:\/\/diarioregionaldigital.com.br\/index.php?rest_route=\/wp\/v2\/media\/185816"}],"wp:attachment":[{"href":"https:\/\/diarioregionaldigital.com.br\/index.php?rest_route=%2Fwp%2Fv2%2Fmedia&parent=185815"}],"wp:term":[{"taxonomy":"category","embeddable":true,"href":"https:\/\/diarioregionaldigital.com.br\/index.php?rest_route=%2Fwp%2Fv2%2Fcategories&post=185815"},{"taxonomy":"post_tag","embeddable":true,"href":"https:\/\/diarioregionaldigital.com.br\/index.php?rest_route=%2Fwp%2Fv2%2Ftags&post=185815"}],"curies":[{"name":"wp","href":"https:\/\/api.w.org\/{rel}","templated":true}]}}