{"id":185809,"date":"2021-07-23T13:33:59","date_gmt":"2021-07-23T16:33:59","guid":{"rendered":"https:\/\/diarioregionaldigital.com.br\/?p=185809"},"modified":"2021-07-23T13:33:59","modified_gmt":"2021-07-23T16:33:59","slug":"pcmg-desmantela-esquema-de-trafico-de-drogas-na-area-central-de-juiz-de-fora","status":"publish","type":"post","link":"https:\/\/diarioregionaldigital.com.br\/?p=185809","title":{"rendered":"PCMG desmantela esquema de tr\u00e1fico de drogas na \u00e1rea central de Juiz de Fora"},"content":{"rendered":"<p>Na tarde de quinta-feira, 22\/7, a Pol\u00edcia Civil de Minas Gerais realizou a pris\u00e3o em flagrante de dois suspeitos, de 41 e 50 anos, pela pr\u00e1tica de tr\u00e1fico il\u00edcito de drogas, na \u00e1rea central do munic\u00edpio de Juiz de Fora, na Zona da Mata mineira. A a\u00e7\u00e3o foi poss\u00edvel, ap\u00f3s apura\u00e7\u00f5es de den\u00fancias e monitoramento de um esquema de mercancia il\u00edcita de entorpecentes, que estava sendo praticado na Avenida Getulio Vargas. Investiga\u00e7\u00f5es apontaram que os envolvidos faziam contato com usu\u00e1rios em via p\u00fablica e buscavam droga escondida no interior de um bar para realizar a entrega.<\/p>\n<p>De acordo com a assessoria, no momento da a\u00e7\u00e3o desencadeada pela Delegacia de Combate ao Narcotr\u00e1fico, foram apreendidos duas buchas de maconha, 16 pinos coca\u00edna e cinco pedras de crack, al\u00e9m de outros materiais. \u201cO local possui movimento intenso, diuturnamente, logo chama a aten\u00e7\u00e3o essa ousadia dos suspeitos em realizar a venda de drogas il\u00edcitas no centro da cidade, em plena luz do dia. Mas refor\u00e7amos que a Pol\u00edcia Civil segue atuante no combate ao narcotr\u00e1fico e as a\u00e7\u00f5es continuam sendo perpetradas, n\u00e3o s\u00f3 na regi\u00e3o central, bem como em toda a cidade de Juiz de Fora\u201d, concluiu o delegado Rafael Gomes.<\/p>\n<p>Os dois suspeitos foram encaminhados \u00e0 1\u00aa Delegacia Regional em Juiz de Fora, onde os flagrantes foram ratificados. Posteriormente, eles foram conduzidos at\u00e9 o sistema prisional, permanecendo \u00e0 disposi\u00e7\u00e3o da Justi\u00e7a.<\/p>\n","protected":false},"excerpt":{"rendered":"<p>Na tarde de quinta-feira, 22\/7, a Pol\u00edcia Civil de Minas Gerais realizou a pris\u00e3o em flagrante de dois suspeitos, de 41 e 50 anos, pela pr\u00e1tica de tr\u00e1fico il\u00edcito de drogas, na \u00e1rea central do munic\u00edpio de Juiz de Fora, na Zona da Mata mineira. A a\u00e7\u00e3o foi poss\u00edvel, ap\u00f3s apura\u00e7\u00f5es de den\u00fancias e monitoramento [&hellip;]<\/p>\n","protected":false},"author":246,"featured_media":185810,"comment_status":"closed","ping_status":"closed","sticky":false,"template":"","format":"standard","meta":{"footnotes":""},"categories":[301,1229],"tags":[],"class_list":["post-185809","post","type-post","status-publish","format-standard","has-post-thumbnail","hentry","category-artigos-policiais","category-policial"],"_links":{"self":[{"href":"https:\/\/diarioregionaldigital.com.br\/index.php?rest_route=\/wp\/v2\/posts\/185809","targetHints":{"allow":["GET"]}}],"collection":[{"href":"https:\/\/diarioregionaldigital.com.br\/index.php?rest_route=\/wp\/v2\/posts"}],"about":[{"href":"https:\/\/diarioregionaldigital.com.br\/index.php?rest_route=\/wp\/v2\/types\/post"}],"author":[{"embeddable":true,"href":"https:\/\/diarioregionaldigital.com.br\/index.php?rest_route=\/wp\/v2\/users\/246"}],"replies":[{"embeddable":true,"href":"https:\/\/diarioregionaldigital.com.br\/index.php?rest_route=%2Fwp%2Fv2%2Fcomments&post=185809"}],"version-history":[{"count":1,"href":"https:\/\/diarioregionaldigital.com.br\/index.php?rest_route=\/wp\/v2\/posts\/185809\/revisions"}],"predecessor-version":[{"id":185811,"href":"https:\/\/diarioregionaldigital.com.br\/index.php?rest_route=\/wp\/v2\/posts\/185809\/revisions\/185811"}],"wp:featuredmedia":[{"embeddable":true,"href":"https:\/\/diarioregionaldigital.com.br\/index.php?rest_route=\/wp\/v2\/media\/185810"}],"wp:attachment":[{"href":"https:\/\/diarioregionaldigital.com.br\/index.php?rest_route=%2Fwp%2Fv2%2Fmedia&parent=185809"}],"wp:term":[{"taxonomy":"category","embeddable":true,"href":"https:\/\/diarioregionaldigital.com.br\/index.php?rest_route=%2Fwp%2Fv2%2Fcategories&post=185809"},{"taxonomy":"post_tag","embeddable":true,"href":"https:\/\/diarioregionaldigital.com.br\/index.php?rest_route=%2Fwp%2Fv2%2Ftags&post=185809"}],"curies":[{"name":"wp","href":"https:\/\/api.w.org\/{rel}","templated":true}]}}