{"id":185806,"date":"2021-07-23T13:31:11","date_gmt":"2021-07-23T16:31:11","guid":{"rendered":"https:\/\/diarioregionaldigital.com.br\/?p=185806"},"modified":"2021-07-23T13:31:11","modified_gmt":"2021-07-23T16:31:11","slug":"policia-militar-registra-acidente-com-vitima-nao-fatal-envolvendo-composicao-ferrea-no-bairro-francisco-bernardino","status":"publish","type":"post","link":"https:\/\/diarioregionaldigital.com.br\/?p=185806","title":{"rendered":"Pol\u00edcia Militar registra acidente com v\u00edtima n\u00e3o fatal envolvendo composi\u00e7\u00e3o f\u00e9rrea no bairro Francisco Bernardino"},"content":{"rendered":"<p>Nesta quinta-feira, dia 22jul21 por volta das 18h04min, a Pol\u00edcia Militar foi acionada via COPOM a comparecer no trecho da via-f\u00e9rrea localizado na Rua Salvador Notaroberto no bairro Francisco Bernardino para registro de um acidente envolvendo composi\u00e7\u00e3o f\u00e9rrea. Segundo o maquinista, um homem de 35 anos, ao se aproximar do local percebeu um homem atravessando e imediatamente acionou a buzina e os freios de emerg\u00eancia. A v\u00edtima, homem de 38 anos, segundo relatos, teria parado no meio da linha e abriu os bra\u00e7os antes de ser atingido pela composi\u00e7\u00e3o. A v\u00edtima foi socorrida pelo SAMU at\u00e9 o HPS, segundo informa\u00e7\u00f5es do m\u00e9dico, aparentava sinais de ingest\u00e3o de bebida alco\u00f3lica e ter feito uso de drogas. A per\u00edcia compareceu no local e realizou os trabalhos de praxe.<\/p>\n","protected":false},"excerpt":{"rendered":"<p>Nesta quinta-feira, dia 22jul21 por volta das 18h04min, a Pol\u00edcia Militar foi acionada via COPOM a comparecer no trecho da via-f\u00e9rrea localizado na Rua Salvador Notaroberto no bairro Francisco Bernardino para registro de um acidente envolvendo composi\u00e7\u00e3o f\u00e9rrea. Segundo o maquinista, um homem de 35 anos, ao se aproximar do local percebeu um homem atravessando [&hellip;]<\/p>\n","protected":false},"author":246,"featured_media":185807,"comment_status":"closed","ping_status":"closed","sticky":false,"template":"","format":"standard","meta":{"footnotes":""},"categories":[301,1229],"tags":[],"class_list":["post-185806","post","type-post","status-publish","format-standard","has-post-thumbnail","hentry","category-artigos-policiais","category-policial"],"_links":{"self":[{"href":"https:\/\/diarioregionaldigital.com.br\/index.php?rest_route=\/wp\/v2\/posts\/185806","targetHints":{"allow":["GET"]}}],"collection":[{"href":"https:\/\/diarioregionaldigital.com.br\/index.php?rest_route=\/wp\/v2\/posts"}],"about":[{"href":"https:\/\/diarioregionaldigital.com.br\/index.php?rest_route=\/wp\/v2\/types\/post"}],"author":[{"embeddable":true,"href":"https:\/\/diarioregionaldigital.com.br\/index.php?rest_route=\/wp\/v2\/users\/246"}],"replies":[{"embeddable":true,"href":"https:\/\/diarioregionaldigital.com.br\/index.php?rest_route=%2Fwp%2Fv2%2Fcomments&post=185806"}],"version-history":[{"count":1,"href":"https:\/\/diarioregionaldigital.com.br\/index.php?rest_route=\/wp\/v2\/posts\/185806\/revisions"}],"predecessor-version":[{"id":185808,"href":"https:\/\/diarioregionaldigital.com.br\/index.php?rest_route=\/wp\/v2\/posts\/185806\/revisions\/185808"}],"wp:featuredmedia":[{"embeddable":true,"href":"https:\/\/diarioregionaldigital.com.br\/index.php?rest_route=\/wp\/v2\/media\/185807"}],"wp:attachment":[{"href":"https:\/\/diarioregionaldigital.com.br\/index.php?rest_route=%2Fwp%2Fv2%2Fmedia&parent=185806"}],"wp:term":[{"taxonomy":"category","embeddable":true,"href":"https:\/\/diarioregionaldigital.com.br\/index.php?rest_route=%2Fwp%2Fv2%2Fcategories&post=185806"},{"taxonomy":"post_tag","embeddable":true,"href":"https:\/\/diarioregionaldigital.com.br\/index.php?rest_route=%2Fwp%2Fv2%2Ftags&post=185806"}],"curies":[{"name":"wp","href":"https:\/\/api.w.org\/{rel}","templated":true}]}}